{"id":191890,"date":"2025-01-18T11:49:19","date_gmt":"2025-01-18T10:49:19","guid":{"rendered":"https:\/\/radiostargjilan.com\/web\/?p=191890"},"modified":"2025-01-18T11:49:19","modified_gmt":"2025-01-18T10:49:19","slug":"deri-me-5-shkurt-afati-per-regjistrimin-e-votuesve-me-nevoja-te-vecanta","status":"publish","type":"post","link":"https:\/\/radiostargjilan.com\/web\/deri-me-5-shkurt-afati-per-regjistrimin-e-votuesve-me-nevoja-te-vecanta\/","title":{"rendered":"Deri m\u00eb 5 shkurt afati p\u00ebr regjistrimin e votuesve me nevoja t\u00eb ve\u00e7anta"},"content":{"rendered":"<p>Komisioni Qendror i Zgjedhjeve ka b\u00ebr\u00eb t\u00eb ditur se \u00ebsht\u00eb duke vazhduar periudha p\u00ebr regjistrimin e votuesve me nevoja t\u00eb ve\u00e7anta, t\u00eb cil\u00ebt nuk mund t\u00eb shkojn\u00eb n\u00eb vendvotim n\u00eb dit\u00ebn e zgjedhjeve.<\/p>\n<p>P\u00ebr t\u00eb mund\u00ebsuar votimin e personave t\u00eb regjistruar si votues me nevoja t\u00eb ve\u00e7anta, KQZ do t\u00eb angazhoj\u00eb ekipet mobile n\u00eb \u00e7do komun\u00eb t\u00eb Kosov\u00ebs, dit\u00ebn e zgjedhjeve,<\/p>\n<p>Procesi i regjistrimit t\u00eb k\u00ebtyre votuesve ka filluar m\u00eb 4 janar dhe do t\u00eb p\u00ebrfundoj\u00eb m\u00eb 5 shkurt 2025.<\/p>\n<p>Me q\u00ebllim t\u00eb leht\u00ebsimit t\u00eb regjistrimit t\u00eb k\u00ebtyre votuesve, KQZ ka funksionalizuar platform\u00ebn online: https:\/\/vpnv.kqz-ks.org\/<\/p>\n<p>Votuesit me nevoja t\u00eb ve\u00e7anta p\u00ebrfshijn\u00eb k\u00ebto kategori:<\/p>\n<p>Personat me s\u00ebmundje apo aft\u00ebsi t\u00eb kufizuar p\u00ebr shkak t\u00eb s\u00eb cil\u00ebs nuk mund t\u00eb dalin nga sht\u00ebpia;<br \/>\nPersonat me l\u00ebvizje t\u00eb kufizuar n\u00eb institucione, si: spitale, sht\u00ebpi p\u00ebr t\u00eb moshuarit dhe strehimore; dhe<\/p>\n<p>III. Personat n\u00eb rrethana t\u00eb ve\u00e7anta, t\u00eb cil\u00ebt nuk mund t\u00eb shkojn\u00eb n\u00eb vendvotim p\u00ebr shkaqe sigurie apo jan\u00eb n\u00eb arrest sht\u00ebpiak.<\/p>\n","protected":false},"excerpt":{"rendered":"<p>Komisioni Qendror i Zgjedhjeve ka b\u00ebr\u00eb t\u00eb ditur se \u00ebsht\u00eb duke vazhduar periudha p\u00ebr regjistrimin e votuesve me nevoja t\u00eb ve\u00e7anta, t\u00eb cil\u00ebt nuk mund t\u00eb shkojn\u00eb n\u00eb vendvotim n\u00eb dit\u00ebn e zgjedhjeve. P\u00ebr t\u00eb mund\u00ebsuar votimin e personave t\u00eb regjistruar si votues me nevoja t\u00eb ve\u00e7anta, KQZ do t\u00eb angazhoj\u00eb ekipet mobile n\u00eb \u00e7do [&hellip;]<\/p>\n","protected":false},"author":1,"featured_media":191894,"comment_status":"closed","ping_status":"closed","sticky":false,"template":"","format":"standard","meta":{"footnotes":""},"categories":[5],"tags":[],"class_list":{"0":"post-191890","1":"post","2":"type-post","3":"status-publish","4":"format-standard","5":"has-post-thumbnail","7":"category-lajme"},"_links":{"self":[{"href":"https:\/\/radiostargjilan.com\/web\/wp-json\/wp\/v2\/posts\/191890","targetHints":{"allow":["GET"]}}],"collection":[{"href":"https:\/\/radiostargjilan.com\/web\/wp-json\/wp\/v2\/posts"}],"about":[{"href":"https:\/\/radiostargjilan.com\/web\/wp-json\/wp\/v2\/types\/post"}],"author":[{"embeddable":true,"href":"https:\/\/radiostargjilan.com\/web\/wp-json\/wp\/v2\/users\/1"}],"replies":[{"embeddable":true,"href":"https:\/\/radiostargjilan.com\/web\/wp-json\/wp\/v2\/comments?post=191890"}],"version-history":[{"count":0,"href":"https:\/\/radiostargjilan.com\/web\/wp-json\/wp\/v2\/posts\/191890\/revisions"}],"wp:featuredmedia":[{"embeddable":true,"href":"https:\/\/radiostargjilan.com\/web\/wp-json\/wp\/v2\/media\/191894"}],"wp:attachment":[{"href":"https:\/\/radiostargjilan.com\/web\/wp-json\/wp\/v2\/media?parent=191890"}],"wp:term":[{"taxonomy":"category","embeddable":true,"href":"https:\/\/radiostargjilan.com\/web\/wp-json\/wp\/v2\/categories?post=191890"},{"taxonomy":"post_tag","embeddable":true,"href":"https:\/\/radiostargjilan.com\/web\/wp-json\/wp\/v2\/tags?post=191890"}],"curies":[{"name":"wp","href":"https:\/\/api.w.org\/{rel}","templated":true}]}}