{"id":191893,"date":"2025-01-18T12:00:18","date_gmt":"2025-01-18T11:00:18","guid":{"rendered":"https:\/\/radiostargjilan.com\/web\/?p=191893"},"modified":"2025-01-18T12:00:18","modified_gmt":"2025-01-18T11:00:18","slug":"zyra-e-be-se-uron-feride-rushitin-dhe-qkrmt-pasi-u-nominuan-per-cmimin-nobel-per-paqe","status":"publish","type":"post","link":"https:\/\/radiostargjilan.com\/web\/zyra-e-be-se-uron-feride-rushitin-dhe-qkrmt-pasi-u-nominuan-per-cmimin-nobel-per-paqe\/","title":{"rendered":"Zyra e BE-s\u00eb uron Feride Rushitin dhe QKRMT pasi u nominuan p\u00ebr \u00e7mimin Nobel p\u00ebr Paqe"},"content":{"rendered":"<p>Feride Rushiti dhe Qendra Kosovare p\u00ebr Rehabilitimin e t\u00eb Mbijetuarve t\u00eb Tortur\u00ebs (QKRMT) jan\u00eb nominuar p\u00ebr \u00e7mimin Nobel p\u00ebr Paqe 2025.<\/p>\n<p>Rushitin dhe QKRMT-n\u00eb e ka uruar Zyra e BE-s\u00eb n\u00eb Kosov\u00eb, duke theksuar pun\u00ebn e saj dhe t\u00eb Qendr\u00ebs q\u00eb nga viti 1999.<\/p>\n<p>\u201cUrime Feride Rushiti dhe QKRMT \u2013 Qendra Kosovare p\u00ebr Rehabilitimin e Viktimave t\u00eb Tortur\u00ebs p\u00ebr nominimin e tyre p\u00ebr \u00c7mimin Nobel p\u00ebr Paqe! Q\u00eb nga viti 1999, ata kan\u00eb mb\u00ebshtetur dhe u japin z\u00eb viktimave t\u00eb tortur\u00ebs dhe traum\u00ebs, p\u00ebrfshir\u00eb t\u00eb mbijetuarat e dhun\u00ebs seksuale gjat\u00eb luft\u00ebs s\u00eb Kosov\u00ebs. Ju urojm\u00eb suksese p\u00ebr t\u2019u b\u00ebr\u00eb fitues t\u00eb Nobelit!\u201d, ka shkruar Zyra e BE-s\u00eb.<\/p>\n<p>Nominimi \u00ebsht\u00eb propozuar nga deputeti i Parlamentit t\u00eb Suedis\u00eb, Magnus Jacobsson.<\/p>\n","protected":false},"excerpt":{"rendered":"<p>Feride Rushiti dhe Qendra Kosovare p\u00ebr Rehabilitimin e t\u00eb Mbijetuarve t\u00eb Tortur\u00ebs (QKRMT) jan\u00eb nominuar p\u00ebr \u00e7mimin Nobel p\u00ebr Paqe 2025. Rushitin dhe QKRMT-n\u00eb e ka uruar Zyra e BE-s\u00eb n\u00eb Kosov\u00eb, duke theksuar pun\u00ebn e saj dhe t\u00eb Qendr\u00ebs q\u00eb nga viti 1999. \u201cUrime Feride Rushiti dhe QKRMT \u2013 Qendra Kosovare p\u00ebr Rehabilitimin e [&hellip;]<\/p>\n","protected":false},"author":1,"featured_media":191896,"comment_status":"closed","ping_status":"closed","sticky":false,"template":"","format":"standard","meta":{"footnotes":""},"categories":[5],"tags":[],"class_list":{"0":"post-191893","1":"post","2":"type-post","3":"status-publish","4":"format-standard","5":"has-post-thumbnail","7":"category-lajme"},"_links":{"self":[{"href":"https:\/\/radiostargjilan.com\/web\/wp-json\/wp\/v2\/posts\/191893","targetHints":{"allow":["GET"]}}],"collection":[{"href":"https:\/\/radiostargjilan.com\/web\/wp-json\/wp\/v2\/posts"}],"about":[{"href":"https:\/\/radiostargjilan.com\/web\/wp-json\/wp\/v2\/types\/post"}],"author":[{"embeddable":true,"href":"https:\/\/radiostargjilan.com\/web\/wp-json\/wp\/v2\/users\/1"}],"replies":[{"embeddable":true,"href":"https:\/\/radiostargjilan.com\/web\/wp-json\/wp\/v2\/comments?post=191893"}],"version-history":[{"count":0,"href":"https:\/\/radiostargjilan.com\/web\/wp-json\/wp\/v2\/posts\/191893\/revisions"}],"wp:featuredmedia":[{"embeddable":true,"href":"https:\/\/radiostargjilan.com\/web\/wp-json\/wp\/v2\/media\/191896"}],"wp:attachment":[{"href":"https:\/\/radiostargjilan.com\/web\/wp-json\/wp\/v2\/media?parent=191893"}],"wp:term":[{"taxonomy":"category","embeddable":true,"href":"https:\/\/radiostargjilan.com\/web\/wp-json\/wp\/v2\/categories?post=191893"},{"taxonomy":"post_tag","embeddable":true,"href":"https:\/\/radiostargjilan.com\/web\/wp-json\/wp\/v2\/tags?post=191893"}],"curies":[{"name":"wp","href":"https:\/\/api.w.org\/{rel}","templated":true}]}}