{"id":192130,"date":"2025-01-20T17:52:05","date_gmt":"2025-01-20T16:52:05","guid":{"rendered":"https:\/\/radiostargjilan.com\/web\/?p=192130"},"modified":"2025-01-20T17:52:05","modified_gmt":"2025-01-20T16:52:05","slug":"selver-xhelili-publikon-foto-nga-inaugurimi-i-donald-trump","status":"publish","type":"post","link":"https:\/\/radiostargjilan.com\/web\/selver-xhelili-publikon-foto-nga-inaugurimi-i-donald-trump\/","title":{"rendered":"Selver Xhelili publikon foto nga inaugurimi i Donald Trump"},"content":{"rendered":"<p>Selver Xhelili, kandidat i PDK-s\u00eb p\u00ebr deputet po merr pjes\u00eb n\u00eb inaugurimin e Donald Trump, raporton GazetaBlic.<\/p>\n<p>83-shi i PDK-s\u00eb ka publikuar nj\u00eb foto nga inagurimi i Donald Trump, duke ndar\u00eb me ndjek\u00ebsit e tij nj\u00eb moment historik nga ceremonia e betimit t\u00eb presidentit t\u00eb ri amerikan.<\/p>\n<section class=\"article_content\">\n<div id=\"quads-ad2574962\" class=\"quads-location quads-ad2574962 \"><ins id=\"revive-0-1\" data-revive-zoneid=\"28\" data-revive-id=\"59f901ca39662e9350e0db7529861518\" data-revive-seq=\"1\" data-revive-loaded=\"1\"><\/p>\n<div id=\"beacon_e63381f833\"><img loading=\"lazy\" loading=\"lazy\" decoding=\"async\" src=\"https:\/\/gazetablic.com\/ads\/www\/delivery\/lg.php?bannerid=1926&amp;campaignid=458&amp;zoneid=28&amp;loc=https%3A%2F%2Fgazetablic.com%2Fddselver-xhelili-publikon-foto-nga-inaugurimi-i-donald-trump%2F%3F&amp;cb=e63381f833\" alt=\"\" width=\"0\" height=\"0\" \/><\/div>\n<p><\/ins><\/div>\n<p><iframe loading=\"lazy\" src=\"https:\/\/www.facebook.com\/plugins\/post.php?href=https%3A%2F%2Fwww.facebook.com%2Fpermalink.php%3Fstory_fbid%3Dpfbid02bG8z2CnGHp6yYVwDH58t2rxKKaQrfQrLTTE76AsRJkFvSXMkDrb9nqC3uWDg4126l%26id%3D100064618274877&amp;show_text=true&amp;width=500\" width=\"500\" height=\"761\" frameborder=\"0\" scrolling=\"no\" allowfullscreen=\"allowfullscreen\" data-mce-fragment=\"1\"><\/iframe><\/p>\n<div class=\"ad_holder--\"><\/div>\n<\/section>\n","protected":false},"excerpt":{"rendered":"<p>Selver Xhelili, kandidat i PDK-s\u00eb p\u00ebr deputet po merr pjes\u00eb n\u00eb inaugurimin e Donald Trump, raporton GazetaBlic. 83-shi i PDK-s\u00eb ka publikuar nj\u00eb foto nga inagurimi i Donald Trump, duke ndar\u00eb me ndjek\u00ebsit e tij nj\u00eb moment historik nga ceremonia e betimit t\u00eb presidentit t\u00eb ri amerikan.<\/p>\n","protected":false},"author":1,"featured_media":192131,"comment_status":"closed","ping_status":"closed","sticky":false,"template":"","format":"standard","meta":{"footnotes":""},"categories":[122],"tags":[],"class_list":{"0":"post-192130","1":"post","2":"type-post","3":"status-publish","4":"format-standard","5":"has-post-thumbnail","7":"category-zgjedhjet-2025"},"_links":{"self":[{"href":"https:\/\/radiostargjilan.com\/web\/wp-json\/wp\/v2\/posts\/192130","targetHints":{"allow":["GET"]}}],"collection":[{"href":"https:\/\/radiostargjilan.com\/web\/wp-json\/wp\/v2\/posts"}],"about":[{"href":"https:\/\/radiostargjilan.com\/web\/wp-json\/wp\/v2\/types\/post"}],"author":[{"embeddable":true,"href":"https:\/\/radiostargjilan.com\/web\/wp-json\/wp\/v2\/users\/1"}],"replies":[{"embeddable":true,"href":"https:\/\/radiostargjilan.com\/web\/wp-json\/wp\/v2\/comments?post=192130"}],"version-history":[{"count":0,"href":"https:\/\/radiostargjilan.com\/web\/wp-json\/wp\/v2\/posts\/192130\/revisions"}],"wp:featuredmedia":[{"embeddable":true,"href":"https:\/\/radiostargjilan.com\/web\/wp-json\/wp\/v2\/media\/192131"}],"wp:attachment":[{"href":"https:\/\/radiostargjilan.com\/web\/wp-json\/wp\/v2\/media?parent=192130"}],"wp:term":[{"taxonomy":"category","embeddable":true,"href":"https:\/\/radiostargjilan.com\/web\/wp-json\/wp\/v2\/categories?post=192130"},{"taxonomy":"post_tag","embeddable":true,"href":"https:\/\/radiostargjilan.com\/web\/wp-json\/wp\/v2\/tags?post=192130"}],"curies":[{"name":"wp","href":"https:\/\/api.w.org\/{rel}","templated":true}]}}