{"id":192714,"date":"2025-01-25T01:59:34","date_gmt":"2025-01-25T00:59:34","guid":{"rendered":"https:\/\/radiostargjilan.com\/web\/?p=192714"},"modified":"2025-01-25T02:00:05","modified_gmt":"2025-01-25T01:00:05","slug":"riad-rashiti-bedri-hamza-ka-programin-dhe-njerezit-me-te-mire","status":"publish","type":"post","link":"https:\/\/radiostargjilan.com\/web\/riad-rashiti-bedri-hamza-ka-programin-dhe-njerezit-me-te-mire\/","title":{"rendered":"Riad Rashiti: Bedri Hamza ka programin dhe njer\u00ebzit m\u00eb t\u00eb mir\u00eb"},"content":{"rendered":"<p>PDK, dega n\u00eb Gjilan, ka mbajtur tubim zgjedhor me an\u00ebtar\u00ebsin\u00eb e lagjes \u201cDardania\u201d, ku para tyre ka shpalosur programin zgjedhor.<\/p>\n<p>N\u00eb k\u00ebt\u00eb tubim ka marr\u00eb pjes\u00eb Besiana Musmurati, n\u00ebnkryetare e PDK-s\u00eb dhe Vlora \u00c7itaku, sekretare, t\u00eb cilat kan\u00eb k\u00ebrkuar vot\u00ebn p\u00ebr Bedri Hamz\u00ebn, kryeminist\u00ebr i parap\u00eblqyer nga PDK-ja dhe kan\u00eb prezantuar programin e tij, duke th\u00ebn\u00eb se ai nuk \u00ebsht\u00eb njeri i fjal\u00ebve t\u00eb m\u00ebdha, por njeri i pun\u00ebs, i cili at\u00eb q\u00eb e premton e b\u00ebn\u00eb realitet.<\/p>\n<p>Riad Rashiti, kryetar i deg\u00ebs s\u00eb PDK-s\u00eb n\u00eb Gjilan, ka th\u00ebn\u00eb se nga 9 shkurti, Kosova do t\u00eb marr nj\u00eb kahje krejt tjet\u00ebr, ngase si\u00e7 ka gjetur Rashiti, Bedri Hamza e ka besimin e qytetar\u00ebve t\u00eb Gjilanit dhe t\u00eb Kosov\u00ebs.<\/p>\n<p>\u201cQeveria e tashme thell\u00eb po e ndjen humbjen, kurse edhe Gjilani \u00ebsht\u00eb p\u00ebrcaktuar p\u00ebr Bedri Hamz\u00ebn, kryeminist\u00ebr\u201d, ka th\u00ebn\u00eb Riad Rashiti, q\u00eb ka th\u00ebn\u00eb se ai ka programin q\u00eb mund t\u00eb realizohet dhe ka programin dhe njer\u00ebzit m\u00eb t\u00eb mir\u00eb.<\/p>\n<p>N\u00eb k\u00ebt\u00eb tubim kan\u00eb folur t\u00eb gjith\u00eb kandidat\u00ebt, q\u00eb jan\u00eb n\u00eb list\u00ebn zgjedhore, duke k\u00ebrkuar vot\u00ebn p\u00ebr vete dhe PDK-n\u00eb.<\/p>\n","protected":false},"excerpt":{"rendered":"<p>PDK, dega n\u00eb Gjilan, ka mbajtur tubim zgjedhor me an\u00ebtar\u00ebsin\u00eb e lagjes \u201cDardania\u201d, ku para tyre ka shpalosur programin zgjedhor. N\u00eb k\u00ebt\u00eb tubim ka marr\u00eb pjes\u00eb Besiana Musmurati, n\u00ebnkryetare e PDK-s\u00eb dhe Vlora \u00c7itaku, sekretare, t\u00eb cilat kan\u00eb k\u00ebrkuar vot\u00ebn p\u00ebr Bedri Hamz\u00ebn, kryeminist\u00ebr i parap\u00eblqyer nga PDK-ja dhe kan\u00eb prezantuar programin e tij, duke [&hellip;]<\/p>\n","protected":false},"author":1,"featured_media":192715,"comment_status":"closed","ping_status":"closed","sticky":false,"template":"","format":"standard","meta":{"footnotes":""},"categories":[122],"tags":[],"class_list":{"0":"post-192714","1":"post","2":"type-post","3":"status-publish","4":"format-standard","5":"has-post-thumbnail","7":"category-zgjedhjet-2025"},"_links":{"self":[{"href":"https:\/\/radiostargjilan.com\/web\/wp-json\/wp\/v2\/posts\/192714","targetHints":{"allow":["GET"]}}],"collection":[{"href":"https:\/\/radiostargjilan.com\/web\/wp-json\/wp\/v2\/posts"}],"about":[{"href":"https:\/\/radiostargjilan.com\/web\/wp-json\/wp\/v2\/types\/post"}],"author":[{"embeddable":true,"href":"https:\/\/radiostargjilan.com\/web\/wp-json\/wp\/v2\/users\/1"}],"replies":[{"embeddable":true,"href":"https:\/\/radiostargjilan.com\/web\/wp-json\/wp\/v2\/comments?post=192714"}],"version-history":[{"count":0,"href":"https:\/\/radiostargjilan.com\/web\/wp-json\/wp\/v2\/posts\/192714\/revisions"}],"wp:featuredmedia":[{"embeddable":true,"href":"https:\/\/radiostargjilan.com\/web\/wp-json\/wp\/v2\/media\/192715"}],"wp:attachment":[{"href":"https:\/\/radiostargjilan.com\/web\/wp-json\/wp\/v2\/media?parent=192714"}],"wp:term":[{"taxonomy":"category","embeddable":true,"href":"https:\/\/radiostargjilan.com\/web\/wp-json\/wp\/v2\/categories?post=192714"},{"taxonomy":"post_tag","embeddable":true,"href":"https:\/\/radiostargjilan.com\/web\/wp-json\/wp\/v2\/tags?post=192714"}],"curies":[{"name":"wp","href":"https:\/\/api.w.org\/{rel}","templated":true}]}}