{"id":19348,"date":"2018-06-18T09:17:43","date_gmt":"2018-06-18T09:17:43","guid":{"rendered":"http:\/\/radiostargjilan.com\/web\/?p=19348"},"modified":"2018-06-18T09:17:43","modified_gmt":"2018-06-18T09:17:43","slug":"vetura-goditet-me-predhe-ishte-e-parkuar-ne-oborrin-e-shtepise","status":"publish","type":"post","link":"https:\/\/radiostargjilan.com\/web\/vetura-goditet-me-predhe-ishte-e-parkuar-ne-oborrin-e-shtepise\/","title":{"rendered":"Vetura goditet me predh\u00eb, ishte e parkuar n\u00eb oborrin e sht\u00ebpis\u00eb!"},"content":{"rendered":"<p>Nj\u00eb person ka raportuar se nj\u00eb predh\u00eb 9 milimet\u00ebrshe ka goditur vetur\u00ebn e tij, e cila ishte e parkuar n\u00eb oborrin e sht\u00ebpis\u00eb n\u00eb Gjilan.<\/p>\n<p>Ngjarja ka ndodhur m\u00eb 17 qershor n\u00eb or\u00ebt e pasdites p\u00ebrderisa p\u00ebrmes raportit 24 or\u00ebsh t\u00eb policis\u00eb b\u00ebhet e ditur se p\u00ebrve\u00e7 d\u00ebmeve materiale nuk \u00ebsht\u00eb raportuar p\u00ebr t\u00eb l\u00ebnduar.<\/p>\n","protected":false},"excerpt":{"rendered":"<p>Nj\u00eb person ka raportuar se nj\u00eb predh\u00eb 9 milimet\u00ebrshe ka goditur vetur\u00ebn e tij, e cila ishte e parkuar n\u00eb oborrin e sht\u00ebpis\u00eb n\u00eb Gjilan. Ngjarja ka ndodhur m\u00eb 17 qershor n\u00eb or\u00ebt e pasdites p\u00ebrderisa p\u00ebrmes raportit 24 or\u00ebsh t\u00eb policis\u00eb b\u00ebhet e ditur se p\u00ebrve\u00e7 d\u00ebmeve materiale nuk \u00ebsht\u00eb raportuar p\u00ebr t\u00eb l\u00ebnduar.<\/p>\n","protected":false},"author":1,"featured_media":18185,"comment_status":"closed","ping_status":"closed","sticky":false,"template":"","format":"standard","meta":{"footnotes":""},"categories":[5],"tags":[],"class_list":{"0":"post-19348","1":"post","2":"type-post","3":"status-publish","4":"format-standard","5":"has-post-thumbnail","7":"category-lajme"},"_links":{"self":[{"href":"https:\/\/radiostargjilan.com\/web\/wp-json\/wp\/v2\/posts\/19348","targetHints":{"allow":["GET"]}}],"collection":[{"href":"https:\/\/radiostargjilan.com\/web\/wp-json\/wp\/v2\/posts"}],"about":[{"href":"https:\/\/radiostargjilan.com\/web\/wp-json\/wp\/v2\/types\/post"}],"author":[{"embeddable":true,"href":"https:\/\/radiostargjilan.com\/web\/wp-json\/wp\/v2\/users\/1"}],"replies":[{"embeddable":true,"href":"https:\/\/radiostargjilan.com\/web\/wp-json\/wp\/v2\/comments?post=19348"}],"version-history":[{"count":0,"href":"https:\/\/radiostargjilan.com\/web\/wp-json\/wp\/v2\/posts\/19348\/revisions"}],"wp:featuredmedia":[{"embeddable":true,"href":"https:\/\/radiostargjilan.com\/web\/wp-json\/wp\/v2\/media\/18185"}],"wp:attachment":[{"href":"https:\/\/radiostargjilan.com\/web\/wp-json\/wp\/v2\/media?parent=19348"}],"wp:term":[{"taxonomy":"category","embeddable":true,"href":"https:\/\/radiostargjilan.com\/web\/wp-json\/wp\/v2\/categories?post=19348"},{"taxonomy":"post_tag","embeddable":true,"href":"https:\/\/radiostargjilan.com\/web\/wp-json\/wp\/v2\/tags?post=19348"}],"curies":[{"name":"wp","href":"https:\/\/api.w.org\/{rel}","templated":true}]}}