{"id":19350,"date":"2018-06-18T09:48:08","date_gmt":"2018-06-18T09:48:08","guid":{"rendered":"http:\/\/radiostargjilan.com\/web\/?p=19350"},"modified":"2018-06-18T09:48:08","modified_gmt":"2018-06-18T09:48:08","slug":"rruga-e-kombit-pa-pagese-vetem-edhe-kete-sezon-turistik","status":"publish","type":"post","link":"https:\/\/radiostargjilan.com\/web\/rruga-e-kombit-pa-pagese-vetem-edhe-kete-sezon-turistik\/","title":{"rendered":"\u201cRruga e Kombit\u201d pa pages\u00eb vet\u00ebm edhe k\u00ebt\u00eb sezon turistik"},"content":{"rendered":"<p>Kosovar\u00ebt q\u00eb do t\u00eb kalojn\u00eb pushimet k\u00ebt\u00eb n\u00eb vit n\u00eb Shqip\u00ebri, nuk do t\u00eb paguajn\u00eb taks\u00eb p\u00ebr Rrug\u00ebn e kombit, por kjo do t\u00eb ndodh\u00eb vet\u00ebm edhe k\u00ebt\u00eb sezon turistik.<br \/>\nFluks i madh i qytetar\u00ebve kan\u00eb kaluar n\u00ebp\u00ebr k\u00ebt\u00eb rrug\u00eb vet\u00ebm gjat\u00eb k\u00ebtij vikendi, raporton KTV.<br \/>\nP\u00ebr shumic\u00ebn nga ta, taksa p\u00ebr rrug\u00ebn nuk do t\u00eb ndikoj\u00eb q\u00eb t\u00eb vizitojn\u00eb shtetin shqiptar.<br \/>\nPor, k\u00ebrkojn\u00eb \u00e7mim t\u00eb arsyesh\u00ebm, meq\u00eb thon\u00eb se qarkullimi mes dy shteteve duhet t\u00eb jet\u00eb i lir\u00eb.<br \/>\nPagesa nga 5 euro p\u00ebr veturat dhe rreth 20 euro p\u00ebr kamion\u00ebt n\u00eb autostrad\u00ebn q\u00eb lidh Kosov\u00ebn me Shqip\u00ebri, kishte nisur m\u00eb 29 mars.<br \/>\nVet\u00ebm dy dit\u00eb ka funksionuar pagesa n\u00eb k\u00ebt\u00eb rrug\u00eb, pasi m\u00eb 31 mars banor\u00ebt e Kuk\u00ebsit gjat\u00eb protest\u00ebs p\u00ebr t\u2019i kund\u00ebrshtuar \u00e7mimet, i vun\u00eb flak\u00ebn sportelit q\u00eb ishte vendosur p\u00ebr mbledhjen e taks\u00ebs. Nd\u00ebrsa, kompania p\u00ebrgjegj\u00ebse \u00ebsht\u00eb duke punuar n\u00eb rregullimin e infrastruktur\u00ebs s\u00eb d\u00ebmtuar.<br \/>\nTarifa p\u00ebr banor\u00ebt e Kuk\u00ebsit dhe zonave p\u00ebrreth pritet t\u00eb jet\u00eb 1.5 euro p\u00ebr nj\u00eb kalim.<br \/>\nNd\u00ebrkoh\u00eb, Kompania \u201cSalillari &#038; Kastrati\u201d \u00ebsht\u00eb duke punuar edhe n\u00eb shtimin e korsive.<br \/>\nPunimet k\u00ebtu pritet t\u00eb p\u00ebrfundojn\u00eb n\u00eb shtator, at\u00ebher\u00eb edhe kur do t\u00eb nis\u00eb pagesa.<\/p>\n","protected":false},"excerpt":{"rendered":"<p>Kosovar\u00ebt q\u00eb do t\u00eb kalojn\u00eb pushimet k\u00ebt\u00eb n\u00eb vit n\u00eb Shqip\u00ebri, nuk do t\u00eb paguajn\u00eb taks\u00eb p\u00ebr Rrug\u00ebn e kombit, por kjo do t\u00eb ndodh\u00eb vet\u00ebm edhe k\u00ebt\u00eb sezon turistik. Fluks i madh i qytetar\u00ebve kan\u00eb kaluar n\u00ebp\u00ebr k\u00ebt\u00eb rrug\u00eb vet\u00ebm gjat\u00eb k\u00ebtij vikendi, raporton KTV. P\u00ebr shumic\u00ebn nga ta, taksa p\u00ebr rrug\u00ebn nuk do [&hellip;]<\/p>\n","protected":false},"author":1,"featured_media":19180,"comment_status":"closed","ping_status":"closed","sticky":false,"template":"","format":"standard","meta":{"footnotes":""},"categories":[5],"tags":[],"class_list":{"0":"post-19350","1":"post","2":"type-post","3":"status-publish","4":"format-standard","5":"has-post-thumbnail","7":"category-lajme"},"_links":{"self":[{"href":"https:\/\/radiostargjilan.com\/web\/wp-json\/wp\/v2\/posts\/19350","targetHints":{"allow":["GET"]}}],"collection":[{"href":"https:\/\/radiostargjilan.com\/web\/wp-json\/wp\/v2\/posts"}],"about":[{"href":"https:\/\/radiostargjilan.com\/web\/wp-json\/wp\/v2\/types\/post"}],"author":[{"embeddable":true,"href":"https:\/\/radiostargjilan.com\/web\/wp-json\/wp\/v2\/users\/1"}],"replies":[{"embeddable":true,"href":"https:\/\/radiostargjilan.com\/web\/wp-json\/wp\/v2\/comments?post=19350"}],"version-history":[{"count":0,"href":"https:\/\/radiostargjilan.com\/web\/wp-json\/wp\/v2\/posts\/19350\/revisions"}],"wp:featuredmedia":[{"embeddable":true,"href":"https:\/\/radiostargjilan.com\/web\/wp-json\/wp\/v2\/media\/19180"}],"wp:attachment":[{"href":"https:\/\/radiostargjilan.com\/web\/wp-json\/wp\/v2\/media?parent=19350"}],"wp:term":[{"taxonomy":"category","embeddable":true,"href":"https:\/\/radiostargjilan.com\/web\/wp-json\/wp\/v2\/categories?post=19350"},{"taxonomy":"post_tag","embeddable":true,"href":"https:\/\/radiostargjilan.com\/web\/wp-json\/wp\/v2\/tags?post=19350"}],"curies":[{"name":"wp","href":"https:\/\/api.w.org\/{rel}","templated":true}]}}