{"id":193809,"date":"2025-02-04T07:56:26","date_gmt":"2025-02-04T06:56:26","guid":{"rendered":"https:\/\/radiostargjilan.com\/web\/?p=193809"},"modified":"2025-02-04T07:56:26","modified_gmt":"2025-02-04T06:56:26","slug":"tahiri-i-pdk-se-per-fjalimin-skandaloz-te-hydajet-hysenit-sa-i-mjere-je-dukur-sonte-ne-gjilan","status":"publish","type":"post","link":"https:\/\/radiostargjilan.com\/web\/tahiri-i-pdk-se-per-fjalimin-skandaloz-te-hydajet-hysenit-sa-i-mjere-je-dukur-sonte-ne-gjilan\/","title":{"rendered":"Tahiri i PDK-s\u00eb p\u00ebr fjalimin skandaloz t\u00eb Hydajet Hysenit: Sa i mj\u00ebr\u00eb je dukur sonte n\u00eb Gjilan"},"content":{"rendered":"<p>Kandidati p\u00ebr deputet nga rradh\u00ebt e Partis\u00eb Demokratike t\u00eb Kosov\u00ebs, Ilir Tahiri, i cili vjen nga i njejti rajon me kandidatin e VV-s\u00eb Hydajet Hyseni, q\u00eb sonte n\u00eb Gjilan mbajti nj\u00eb fjalim t\u00eb \u00e7akorduar, i ka reaguar k\u00ebtij t\u00eb fundit. Sipas Tahirit, Hyseni k\u00ebt\u00eb t\u00eb h\u00ebn\u00eb n\u00eb Gjilan \u00ebsht\u00eb dukur \u201ci mjer\u00eb\u201d.<\/p>\n<p>\u201cE more Hydajet Hyseni, \u00e7ka t\u00eb paska b\u00ebr\u00eb Albin Kurti! Sa i mjer\u00eb je dukur sonte n\u00eb Gjilan. Njer\u00ebzit ndoshta ende kan\u00eb pak respekt p\u00ebr ty, ju vjen keq p\u00ebr shkak t\u00eb mosh\u00ebs, e ku ta di un\u00eb. Por sonte, mua m\u00eb je dukur v\u00ebrtet i mjer\u00eb\u2014n\u00eb fytyr\u00eb t\u00eb shihej mjerimi.\u201d \u2013 ka shkruar nd\u00ebr t\u00eb tjera Tahiri.<\/p>\n<p>E plot\u00eb:<\/p>\n<p>E more Hydajet Hyseni, \u00e7ka t\u00eb paska b\u00ebr\u00eb Albin Kurti! Sa i mjer\u00eb je dukur sonte n\u00eb Gjilan. Njer\u00ebzit ndoshta ende kan\u00eb pak respekt p\u00ebr ty, ju vjen keq p\u00ebr shkak t\u00eb mosh\u00ebs, e ku ta di un\u00eb. Por sonte, mua m\u00eb je dukur v\u00ebrtet i mjer\u00eb\u2014n\u00eb fytyr\u00eb t\u00eb shihej mjerimi.<\/p>\n<p>Kam t\u00eb drejt\u00eb ta them k\u00ebt\u00eb, sepse je ende gjall\u00eb dhe, si i till\u00eb, ke pasur m\u00eb shum\u00eb privilegje nga shteti. Ke pasur m\u00eb shum\u00eb sesa ata q\u00eb e kan\u00eb dh\u00ebn\u00eb jet\u00ebn p\u00ebr lirin\u00eb e Kosov\u00ebs. M\u00eb shum\u00eb se ata q\u00eb pushk\u00ebn amanet &#8230;<\/p>\n<p>Shyqyr q\u00eb nuk jan\u00eb ata, e nuk t\u00eb shohin se si je b\u00ebr\u00eb! E shok\u00ebt e gjall\u00eb q\u00eb t\u00eb shohin, le t\u00eb t\u00eb vler\u00ebsojn\u00eb vet\u00eb.<\/p>\n<p>EDHE MJERIMI KA EMER.<\/p>\n<p>Sa bukur i rri pik\u00ebpyetja mbrapa!<\/p>\n","protected":false},"excerpt":{"rendered":"<p>Kandidati p\u00ebr deputet nga rradh\u00ebt e Partis\u00eb Demokratike t\u00eb Kosov\u00ebs, Ilir Tahiri, i cili vjen nga i njejti rajon me kandidatin e VV-s\u00eb Hydajet Hyseni, q\u00eb sonte n\u00eb Gjilan mbajti nj\u00eb fjalim t\u00eb \u00e7akorduar, i ka reaguar k\u00ebtij t\u00eb fundit. Sipas Tahirit, Hyseni k\u00ebt\u00eb t\u00eb h\u00ebn\u00eb n\u00eb Gjilan \u00ebsht\u00eb dukur \u201ci mjer\u00eb\u201d. \u201cE more Hydajet [&hellip;]<\/p>\n","protected":false},"author":1,"featured_media":193810,"comment_status":"closed","ping_status":"closed","sticky":false,"template":"","format":"standard","meta":{"footnotes":""},"categories":[122],"tags":[],"class_list":{"0":"post-193809","1":"post","2":"type-post","3":"status-publish","4":"format-standard","5":"has-post-thumbnail","7":"category-zgjedhjet-2025"},"_links":{"self":[{"href":"https:\/\/radiostargjilan.com\/web\/wp-json\/wp\/v2\/posts\/193809","targetHints":{"allow":["GET"]}}],"collection":[{"href":"https:\/\/radiostargjilan.com\/web\/wp-json\/wp\/v2\/posts"}],"about":[{"href":"https:\/\/radiostargjilan.com\/web\/wp-json\/wp\/v2\/types\/post"}],"author":[{"embeddable":true,"href":"https:\/\/radiostargjilan.com\/web\/wp-json\/wp\/v2\/users\/1"}],"replies":[{"embeddable":true,"href":"https:\/\/radiostargjilan.com\/web\/wp-json\/wp\/v2\/comments?post=193809"}],"version-history":[{"count":0,"href":"https:\/\/radiostargjilan.com\/web\/wp-json\/wp\/v2\/posts\/193809\/revisions"}],"wp:featuredmedia":[{"embeddable":true,"href":"https:\/\/radiostargjilan.com\/web\/wp-json\/wp\/v2\/media\/193810"}],"wp:attachment":[{"href":"https:\/\/radiostargjilan.com\/web\/wp-json\/wp\/v2\/media?parent=193809"}],"wp:term":[{"taxonomy":"category","embeddable":true,"href":"https:\/\/radiostargjilan.com\/web\/wp-json\/wp\/v2\/categories?post=193809"},{"taxonomy":"post_tag","embeddable":true,"href":"https:\/\/radiostargjilan.com\/web\/wp-json\/wp\/v2\/tags?post=193809"}],"curies":[{"name":"wp","href":"https:\/\/api.w.org\/{rel}","templated":true}]}}