{"id":194466,"date":"2025-02-09T15:27:37","date_gmt":"2025-02-09T14:27:37","guid":{"rendered":"https:\/\/radiostargjilan.com\/web\/?p=194466"},"modified":"2025-02-09T15:27:37","modified_gmt":"2025-02-09T14:27:37","slug":"kqz-nis-verifikimin-e-votave-me-poste","status":"publish","type":"post","link":"https:\/\/radiostargjilan.com\/web\/kqz-nis-verifikimin-e-votave-me-poste\/","title":{"rendered":"KQZ nis verifikimin e votave me post\u00eb"},"content":{"rendered":"<p>Komisioni Qendror i Zgjedhjeve, ka nis verifikimin e votave p\u00ebrmes post\u00ebs.<\/p>\n<p>Sipas procedurave, fillimisht k\u00ebto pako me flet\u00ebvotime i n\u00ebnshtrohen procesit t\u00eb vler\u00ebsimit, i cili p\u00ebrfshin\u00eb verifikimin n\u00ebse ato u takojn\u00eb votuesve t\u00eb regjistruar dhe n\u00ebse jan\u00eb ndjekur procedurat tjera t\u00eb parapara.<\/p>\n<p>Derisa, num\u00ebrimi i k\u00ebtyre flet\u00ebvotimeve do t\u00eb b\u00ebhet n\u00eb nj\u00eb faz\u00eb t\u00eb m\u00ebvonshme n\u00eb Qendr\u00ebn e Num\u00ebrimit dhe Rezultateve, pas dit\u00ebs s\u00eb zgjedhjeve.<\/p>\n<p>Edhe procesi i vler\u00ebsimit t\u00eb d\u00ebrgesave postare do t\u00eb mund t\u00eb v\u00ebzhgohet nga v\u00ebzhgues t\u00eb akredituar nga KQZ-ja, t\u00eb cil\u00ebt do t\u00eb njoftohen me koh\u00eb. Po ashtu Komisioni Qendror, gjat\u00eb dit\u00ebs ka filluar edhe procesin e vler\u00ebsimit t\u00eb pakove me flet\u00ebvotime nga jasht\u00eb Kosov\u00ebs q\u00eb deri me tani kan\u00eb arritur n\u00eb k\u00ebt\u00eb institucion.<\/p>\n<p>Q\u00ebllimi i verifikimi \u00ebsht\u00eb p\u00ebr t\u00eb par\u00eb n\u00ebse pakot me flet\u00ebvotime jan\u00eb d\u00ebrguar nga votues t\u00eb regjistruar p\u00ebr t\u00eb votuar nga jasht\u00eb Kosov\u00ebs.<\/p>\n","protected":false},"excerpt":{"rendered":"<p>Komisioni Qendror i Zgjedhjeve, ka nis verifikimin e votave p\u00ebrmes post\u00ebs. Sipas procedurave, fillimisht k\u00ebto pako me flet\u00ebvotime i n\u00ebnshtrohen procesit t\u00eb vler\u00ebsimit, i cili p\u00ebrfshin\u00eb verifikimin n\u00ebse ato u takojn\u00eb votuesve t\u00eb regjistruar dhe n\u00ebse jan\u00eb ndjekur procedurat tjera t\u00eb parapara. Derisa, num\u00ebrimi i k\u00ebtyre flet\u00ebvotimeve do t\u00eb b\u00ebhet n\u00eb nj\u00eb faz\u00eb t\u00eb m\u00ebvonshme [&hellip;]<\/p>\n","protected":false},"author":1,"featured_media":194467,"comment_status":"closed","ping_status":"closed","sticky":false,"template":"","format":"standard","meta":{"footnotes":""},"categories":[122],"tags":[],"class_list":{"0":"post-194466","1":"post","2":"type-post","3":"status-publish","4":"format-standard","5":"has-post-thumbnail","7":"category-zgjedhjet-2025"},"_links":{"self":[{"href":"https:\/\/radiostargjilan.com\/web\/wp-json\/wp\/v2\/posts\/194466","targetHints":{"allow":["GET"]}}],"collection":[{"href":"https:\/\/radiostargjilan.com\/web\/wp-json\/wp\/v2\/posts"}],"about":[{"href":"https:\/\/radiostargjilan.com\/web\/wp-json\/wp\/v2\/types\/post"}],"author":[{"embeddable":true,"href":"https:\/\/radiostargjilan.com\/web\/wp-json\/wp\/v2\/users\/1"}],"replies":[{"embeddable":true,"href":"https:\/\/radiostargjilan.com\/web\/wp-json\/wp\/v2\/comments?post=194466"}],"version-history":[{"count":0,"href":"https:\/\/radiostargjilan.com\/web\/wp-json\/wp\/v2\/posts\/194466\/revisions"}],"wp:featuredmedia":[{"embeddable":true,"href":"https:\/\/radiostargjilan.com\/web\/wp-json\/wp\/v2\/media\/194467"}],"wp:attachment":[{"href":"https:\/\/radiostargjilan.com\/web\/wp-json\/wp\/v2\/media?parent=194466"}],"wp:term":[{"taxonomy":"category","embeddable":true,"href":"https:\/\/radiostargjilan.com\/web\/wp-json\/wp\/v2\/categories?post=194466"},{"taxonomy":"post_tag","embeddable":true,"href":"https:\/\/radiostargjilan.com\/web\/wp-json\/wp\/v2\/tags?post=194466"}],"curies":[{"name":"wp","href":"https:\/\/api.w.org\/{rel}","templated":true}]}}