{"id":194811,"date":"2025-02-12T09:28:23","date_gmt":"2025-02-12T08:28:23","guid":{"rendered":"https:\/\/radiostargjilan.com\/web\/?p=194811"},"modified":"2025-02-12T09:28:23","modified_gmt":"2025-02-12T08:28:23","slug":"policia-e-gjilanit-arreston-nje-te-dyshuar-per-vjedhje-te-renda","status":"publish","type":"post","link":"https:\/\/radiostargjilan.com\/web\/policia-e-gjilanit-arreston-nje-te-dyshuar-per-vjedhje-te-renda\/","title":{"rendered":"Policia e Gjilanit arreston nj\u00eb t\u00eb dyshuar p\u00ebr vjedhje t\u00eb r\u00ebnda"},"content":{"rendered":"<p>Nj\u00ebsiti i Hetimeve t\u00eb Stacionit Policor n\u00eb Gjilan me dat\u00ebn 11.02.2025 si rezultat i nd\u00ebrmarrjes s\u00eb veprimeve t\u00eb shpejta dhe efikase operative e hetimore ka arritur q\u00eb t\u00eb identifikoj, lokalizoj dhe arrestoj t\u00eb dyshuarin D.M. (viti i lindjes 1992, meshkull kosovar).<\/p>\n<p>Arrestimi i tij \u00ebsht\u00eb b\u00ebr\u00eb me dyshimin e p\u00ebrfshirjes s\u00eb tij n\u00eb t\u00eb pakt\u00ebn dy raste t\u00eb vjedhjeve t\u00eb r\u00ebnda, raste t\u00eb ndodhura gjat\u00eb muajit shkurt t\u00eb vitit 2025. Pas arrestimit nga t\u00eb dyshuarit jan\u00eb sekuestruar d\u00ebshmi t\u00eb cilat do t\u00eb p\u00ebrdor\u00ebn n\u00eb Gjykat\u00eb.<\/p>\n<p>I dyshuari \u00ebsht\u00eb intervistuar n\u00eb prezenc\u00ebn e avokat\u00ebve mbrojt\u00ebs dhe me vendim t\u00eb Prokurorit t\u00eb Shtetit \u00ebsht\u00eb ndaluar n\u00eb qendr\u00ebn e mbajtjes p\u00ebr 48 or\u00eb. Rasti me kall\u00ebzim penal procedohet n\u00eb Prokurorin\u00eb Themelore.<\/p>\n","protected":false},"excerpt":{"rendered":"<p>Nj\u00ebsiti i Hetimeve t\u00eb Stacionit Policor n\u00eb Gjilan me dat\u00ebn 11.02.2025 si rezultat i nd\u00ebrmarrjes s\u00eb veprimeve t\u00eb shpejta dhe efikase operative e hetimore ka arritur q\u00eb t\u00eb identifikoj, lokalizoj dhe arrestoj t\u00eb dyshuarin D.M. (viti i lindjes 1992, meshkull kosovar). Arrestimi i tij \u00ebsht\u00eb b\u00ebr\u00eb me dyshimin e p\u00ebrfshirjes s\u00eb tij n\u00eb t\u00eb pakt\u00ebn [&hellip;]<\/p>\n","protected":false},"author":1,"featured_media":194631,"comment_status":"closed","ping_status":"closed","sticky":false,"template":"","format":"standard","meta":{"footnotes":""},"categories":[5],"tags":[],"class_list":{"0":"post-194811","1":"post","2":"type-post","3":"status-publish","4":"format-standard","5":"has-post-thumbnail","7":"category-lajme"},"_links":{"self":[{"href":"https:\/\/radiostargjilan.com\/web\/wp-json\/wp\/v2\/posts\/194811","targetHints":{"allow":["GET"]}}],"collection":[{"href":"https:\/\/radiostargjilan.com\/web\/wp-json\/wp\/v2\/posts"}],"about":[{"href":"https:\/\/radiostargjilan.com\/web\/wp-json\/wp\/v2\/types\/post"}],"author":[{"embeddable":true,"href":"https:\/\/radiostargjilan.com\/web\/wp-json\/wp\/v2\/users\/1"}],"replies":[{"embeddable":true,"href":"https:\/\/radiostargjilan.com\/web\/wp-json\/wp\/v2\/comments?post=194811"}],"version-history":[{"count":0,"href":"https:\/\/radiostargjilan.com\/web\/wp-json\/wp\/v2\/posts\/194811\/revisions"}],"wp:featuredmedia":[{"embeddable":true,"href":"https:\/\/radiostargjilan.com\/web\/wp-json\/wp\/v2\/media\/194631"}],"wp:attachment":[{"href":"https:\/\/radiostargjilan.com\/web\/wp-json\/wp\/v2\/media?parent=194811"}],"wp:term":[{"taxonomy":"category","embeddable":true,"href":"https:\/\/radiostargjilan.com\/web\/wp-json\/wp\/v2\/categories?post=194811"},{"taxonomy":"post_tag","embeddable":true,"href":"https:\/\/radiostargjilan.com\/web\/wp-json\/wp\/v2\/tags?post=194811"}],"curies":[{"name":"wp","href":"https:\/\/api.w.org\/{rel}","templated":true}]}}