{"id":194996,"date":"2025-02-14T18:09:29","date_gmt":"2025-02-14T17:09:29","guid":{"rendered":"https:\/\/radiostargjilan.com\/web\/?p=194996"},"modified":"2025-02-14T18:09:29","modified_gmt":"2025-02-14T17:09:29","slug":"ramadani-derbi-i-ftohte-nga-jashte-por-i-nxehte-ne-fushe","status":"publish","type":"post","link":"https:\/\/radiostargjilan.com\/web\/ramadani-derbi-i-ftohte-nga-jashte-por-i-nxehte-ne-fushe\/","title":{"rendered":"Ramadani: Derbi i ftoht\u00eb nga jasht\u00eb, por &#8216;i nxeht\u00eb&#8217; n\u00eb fush\u00eb"},"content":{"rendered":"<p>N\u00eb kuad\u00ebr t\u00eb xhiros s\u00eb 20-t\u00eb, klubi jon\u00eb FC DRITA do t\u00eb takohet me FC Prishtin\u00ebn, nes\u00ebr  e shtune n\u00eb &#8220;Stadiumin Fadil Vokrri&#8221; n\u00eb Prishtin\u00eb, ora 17:00.<\/p>\n<p>P\u00ebr kryetrajnerin ton\u00eb, Zekirija Ramadani k\u00ebto ndeshje jan\u00eb derbi dhe jan\u00eb v\u00ebrtet\u00eb t\u00eb &#8216;zjarrta&#8217; n\u00eb fush\u00eb.<\/p>\n<p>&#8220;Nes\u00ebr do t\u00eb luhet derbi i xhiros, ku do t\u00eb luhet n\u00eb orarin e mbr\u00ebmjes ku p\u00ebr ne jasht\u00eb do t\u00eb jet\u00eb pak ftoht\u00eb, mir\u00ebpo jam i bindur se p\u00ebr futbollist\u00ebt brenda n\u00eb fush\u00eb flet shum\u00eb nxeht\u00eb. Nj\u00eb fush\u00eb shum\u00eb e mir\u00eb, skuad\u00ebr entuziaste por gjithmon\u00eb mb\u00ebshtetemi te skuadra jon\u00eb, objektivi jon\u00eb, jemi n\u00eb rrug\u00ebn e duhur, jemi lider, gjith\u00e7ka varet nga ne, nuk duhet t\u00eb b\u00ebjm\u00eb hapa fallco, por duhet t\u00eb b\u00ebjm\u00eb maksimumin&#8221;, ka th\u00ebn\u00eb Ramadani n\u00eb fillim t\u00eb konferenc\u00ebs.<\/p>\n<p>Trajneri Ramadani foli edhe p\u00ebr mungesat n\u00eb k\u00ebt\u00eb p\u00ebrballje, p\u00ebr \u00e7ka tha se do t\u00eb mundohen t&#8217;i mbulojn\u00eb.<\/p>\n<p>&#8220;\u00c7do munges\u00eb e vuajm\u00eb ngapak dhe secili q\u00eb e z\u00ebvend\u00ebson tjetrin e b\u00ebn\u00eb m\u00eb t\u00eb mir\u00ebn, por gjithmon\u00eb jam nj\u00eb trajner q\u00eb mund t\u00eb k\u00ebnaqem me kaq dhe gjithmon\u00eb k\u00ebrkoj m\u00eb tep\u00ebr nga futbollist\u00ebt dhe vetja sepse futbolli nuk ka perfeksion dhe gjithmon\u00eb duhet t\u00eb punojm\u00eb, gjithmon\u00eb duhet t\u00eb angazhohemi p\u00ebr t\u00eb qen\u00eb m\u00eb mir\u00eb n\u00eb \u00e7do jav\u00eb, \u00e7do xhiro dhe n\u00eb \u00e7do kampionat&#8221;, theksoi kryetrajneri yn\u00eb.<\/p>\n<p>Ai tha se n\u00eb gjysm\u00eb edicionin pranveror m\u00eb shum\u00eb k\u00ebrkohet rezultati, se sa estetika.<\/p>\n<p>&#8220;Kur \u00ebsht\u00eb n\u00eb pyetje stinori pranveror m\u00eb tep\u00ebr n\u00eb fokus \u00ebsht\u00eb arritja e objektivit sesa loja e bukur. Skuadrat k\u00ebrkojn\u00eb objektivin ndonj\u00ebher\u00eb \u00ebsht\u00eb nj\u00eb pik\u00ebshi, ndonj\u00ebher\u00eb tri pik\u00ebsh\u00ebshi. \u00cbsht\u00eb mbr\u00ebmje, derbi mund t\u00eb vendos nj\u00eb moment dhe shpresoj q\u00eb ai moment t\u00eb jet\u00eb n\u00eb an\u00ebn ton\u00eb&#8221;,p\u00ebrfundoi Ramadani.<\/p>\n<p>Konferenc\u00ebn e plot\u00eb mund ta ndiqni n\u00eb linkun e m\u00eb posht\u00ebm<br \/>\nhttps:\/\/www.facebook.com\/share\/v\/18LTHHT4Q2\/<\/p>\n","protected":false},"excerpt":{"rendered":"<p>N\u00eb kuad\u00ebr t\u00eb xhiros s\u00eb 20-t\u00eb, klubi jon\u00eb FC DRITA do t\u00eb takohet me FC Prishtin\u00ebn, nes\u00ebr e shtune n\u00eb &#8220;Stadiumin Fadil Vokrri&#8221; n\u00eb Prishtin\u00eb, ora 17:00. P\u00ebr kryetrajnerin ton\u00eb, Zekirija Ramadani k\u00ebto ndeshje jan\u00eb derbi dhe jan\u00eb v\u00ebrtet\u00eb t\u00eb &#8216;zjarrta&#8217; n\u00eb fush\u00eb. &#8220;Nes\u00ebr do t\u00eb luhet derbi i xhiros, ku do t\u00eb luhet n\u00eb [&hellip;]<\/p>\n","protected":false},"author":1,"featured_media":194997,"comment_status":"closed","ping_status":"closed","sticky":false,"template":"","format":"standard","meta":{"footnotes":""},"categories":[7],"tags":[],"class_list":{"0":"post-194996","1":"post","2":"type-post","3":"status-publish","4":"format-standard","5":"has-post-thumbnail","7":"category-sports"},"_links":{"self":[{"href":"https:\/\/radiostargjilan.com\/web\/wp-json\/wp\/v2\/posts\/194996","targetHints":{"allow":["GET"]}}],"collection":[{"href":"https:\/\/radiostargjilan.com\/web\/wp-json\/wp\/v2\/posts"}],"about":[{"href":"https:\/\/radiostargjilan.com\/web\/wp-json\/wp\/v2\/types\/post"}],"author":[{"embeddable":true,"href":"https:\/\/radiostargjilan.com\/web\/wp-json\/wp\/v2\/users\/1"}],"replies":[{"embeddable":true,"href":"https:\/\/radiostargjilan.com\/web\/wp-json\/wp\/v2\/comments?post=194996"}],"version-history":[{"count":0,"href":"https:\/\/radiostargjilan.com\/web\/wp-json\/wp\/v2\/posts\/194996\/revisions"}],"wp:featuredmedia":[{"embeddable":true,"href":"https:\/\/radiostargjilan.com\/web\/wp-json\/wp\/v2\/media\/194997"}],"wp:attachment":[{"href":"https:\/\/radiostargjilan.com\/web\/wp-json\/wp\/v2\/media?parent=194996"}],"wp:term":[{"taxonomy":"category","embeddable":true,"href":"https:\/\/radiostargjilan.com\/web\/wp-json\/wp\/v2\/categories?post=194996"},{"taxonomy":"post_tag","embeddable":true,"href":"https:\/\/radiostargjilan.com\/web\/wp-json\/wp\/v2\/tags?post=194996"}],"curies":[{"name":"wp","href":"https:\/\/api.w.org\/{rel}","templated":true}]}}