{"id":196765,"date":"2025-03-04T08:14:46","date_gmt":"2025-03-04T07:14:46","guid":{"rendered":"https:\/\/radiostargjilan.com\/web\/?p=196765"},"modified":"2025-03-04T08:14:46","modified_gmt":"2025-03-04T07:14:46","slug":"prokuroria-e-ka-caktuar-per-sot-intervistimin-ne-cilesine-e-deshmitarit-a-do-te-paraqitet-kurti-per-intervistim","status":"publish","type":"post","link":"https:\/\/radiostargjilan.com\/web\/prokuroria-e-ka-caktuar-per-sot-intervistimin-ne-cilesine-e-deshmitarit-a-do-te-paraqitet-kurti-per-intervistim\/","title":{"rendered":"Prokuroria e ka caktuar p\u00ebr sot intervistimin n\u00eb cil\u00ebsin\u00eb e d\u00ebshmitarit \u2013 a do t\u00eb paraqitet Kurti p\u00ebr intervistim?"},"content":{"rendered":"<p>Prokuroria Speciale e ka ftuar p\u00ebr sot kryeministrin Albin Kurti p\u00ebr intervistim n\u00eb cil\u00ebsin\u00eb e d\u00ebshmitarit n\u00eb rastin e rezervave shtet\u00ebrore.<\/p>\n<p>Ai \u00ebsht\u00eb ftuar p\u00ebr intervistim n\u00eb ora 10:00.<\/p>\n<p>Lajme<\/p>\n<p>Politiko<\/p>\n<p>Kronika e Zeze<\/p>\n<p>Gjykimi Special<\/p>\n<p>Sport<\/p>\n<p>10+<\/p>\n<p>Lajme<br \/>\nProkuroria e ka caktuar p\u00ebr sot intervistimin n\u00eb cil\u00ebsin\u00eb e d\u00ebshmitarit \u2013 a do t\u00eb paraqitet Kurti p\u00ebr intervistim?<\/p>\n<p>Gazeta10<br \/>\n04 Mars 2025 &#8211; 8:03<\/p>\n<p>Prokuroria Speciale e ka ftuar p\u00ebr sot kryeministrin Albin Kurti p\u00ebr intervistim n\u00eb cil\u00ebsin\u00eb e d\u00ebshmitarit n\u00eb rastin e rezervave shtet\u00ebrore.<\/p>\n<p>Ai \u00ebsht\u00eb ftuar p\u00ebr intervistim n\u00eb ora 10:00.<\/p>\n<p>Gjykata Themelore e Prishtin\u00ebs dit\u00eb m\u00eb par\u00eb ka l\u00ebshuar urdh\u00ebr me t\u00eb cilin e obligon kryeministrin Albin Kurti q\u00eb t\u00eb paraqitet m\u00eb Prokurorin\u00eb Speciale, n\u00eb cil\u00ebsin\u00eb e d\u00ebshmitarit p\u00ebr \u00e7\u00ebshtjen e rezervave shtet\u00ebrore.<\/p>\n<p>Urdhri p\u00ebr tu paraqitur kryeministri Kurti n\u00eb prokurori si d\u00ebshmitar vjen n\u00eb dit\u00ebn kur Zyra e Kryeministrit ka njoftuar se i \u00ebsht\u00eb drejtuar p\u00ebrmes nj\u00eb letre Gjykat\u00ebs Themelore n\u00eb Prishtin\u00eb, duke k\u00ebrkuar q\u00eb ta obligoj\u00eb Prokurorin\u00eb Speciale q\u00eb t\u00eb marr\u00eb d\u00ebshmin\u00eb e kryeministrit t\u00eb Kosov\u00ebs, Albin Kurti, brenda zyr\u00ebs s\u00eb tij n\u00eb Qeveri.<\/p>\n<p>Z\u00ebdh\u00ebn\u00ebsja e Gjykat\u00ebs Themelore, Mirlinda Gashi, kishte konfirmuar se gjyqtari i procedur\u00ebs paraprake ka l\u00ebshuar urdhrin p\u00ebr d\u00ebshmi duke u bazuar n\u00eb k\u00ebrkes\u00ebn e Prokuroris\u00eb Speciale.<\/p>\n<p>\u201cJu njoftojm\u00eb se Gjykata Themelore n\u00eb Prishtin\u00eb \u2013 Departamenti Special, me k\u00ebrkes\u00eb t\u00eb Prokuroris\u00eb Speciale t\u00eb Republik\u00ebs s\u00eb Kosov\u00ebs, me Urdh\u00ebr t\u00eb gjykat\u00ebs t\u00eb dat\u00ebs 21.02.2025 ka obliguar d\u00ebshmitarin A.K., q\u00eb t\u00eb paraqitet n\u00eb cil\u00ebsi t\u00eb d\u00ebshmitarit, p\u00ebr t\u00eb dh\u00ebn\u00eb d\u00ebshmin\u00eb e tij me dat\u00eb 04.03.2025 n\u00eb ora 10:00, n\u00eb Prokurorin\u00eb Speciale t\u00eb Republik\u00ebs s\u00eb Kosov\u00ebs. Gjykata Themelore n\u00eb Prishtin\u00eb \u2013 Departamenti Special me dat\u00eb 28.02.2025, p\u00ebrmes emalit ka pranuar p\u00ebrgjigjen e Zyr\u00ebs s\u00eb Kryeministrit, lidhur me Urdhrin e lart\u00eb-theksuar t\u00eb gjykat\u00ebs\u201d, ka th\u00ebn\u00eb Gashi.<\/p>\n<p>Ndryshe, n\u00eb letr\u00ebn d\u00ebrguar Gjykat\u00ebs, Kryeministria p\u00ebrs\u00ebriti q\u00ebndrimin e shprehur m\u00eb par\u00eb se Kurti nuk i ka refuzuar k\u00ebrkesat p\u00ebr t\u00eb dh\u00ebn\u00eb d\u00ebshmi, por ai ka k\u00ebrkuar q\u00eb d\u00ebshmin\u00eb ta jap\u00eb n\u00eb ambientet e Qeveris\u00eb.<\/p>\n<p>\u201cK\u00ebrkesa e tij q\u00eb kjo t\u00eb ndodh\u00eb n\u00eb ambientet e Zyr\u00ebs s\u00eb Kryeministrit \u00ebsht\u00eb plot\u00ebsisht e arsyeshme dhe nuk mund t\u00eb interpretohet si shmangie nga drejt\u00ebsia. N\u00eb drit\u00eb t\u00eb k\u00ebsaj, me respekt k\u00ebrkojm\u00eb nga Gjykata q\u00eb t\u00eb obligoj\u00eb Prokurorin\u00eb Speciale t\u00eb marr\u00eb d\u00ebshmin\u00eb e k\u00ebrkuar, brenda Zyr\u00ebs s\u00eb Kryeministrit\u201d, thuhet n\u00eb let\u00ebr.<\/p>\n<p>N\u00eb vitin 2023, tre persona ishin arrestuar p\u00ebr rastin e rezervave shtet\u00ebrore. N\u00eb mesin e tyre ishin edhe punonj\u00ebs t\u00eb Ministris\u00eb s\u00eb Industris\u00eb, Nd\u00ebrmarr\u00ebsis\u00eb dhe Tregtis\u00eb (MINT), q\u00eb udh\u00ebhiqet nga Rozeta Hajdari, e cila, gjat\u00eb paraqitjes p\u00ebr d\u00ebshmi n\u00eb Prokurorin\u00eb Speciale, ka zgjedhur t\u00eb mbrohet n\u00eb heshtje.<\/p>\n","protected":false},"excerpt":{"rendered":"<p>Prokuroria Speciale e ka ftuar p\u00ebr sot kryeministrin Albin Kurti p\u00ebr intervistim n\u00eb cil\u00ebsin\u00eb e d\u00ebshmitarit n\u00eb rastin e rezervave shtet\u00ebrore. Ai \u00ebsht\u00eb ftuar p\u00ebr intervistim n\u00eb ora 10:00. Lajme Politiko Kronika e Zeze Gjykimi Special Sport 10+ Lajme Prokuroria e ka caktuar p\u00ebr sot intervistimin n\u00eb cil\u00ebsin\u00eb e d\u00ebshmitarit \u2013 a do t\u00eb paraqitet [&hellip;]<\/p>\n","protected":false},"author":1,"featured_media":196722,"comment_status":"closed","ping_status":"closed","sticky":false,"template":"","format":"standard","meta":{"footnotes":""},"categories":[5],"tags":[],"class_list":{"0":"post-196765","1":"post","2":"type-post","3":"status-publish","4":"format-standard","5":"has-post-thumbnail","7":"category-lajme"},"_links":{"self":[{"href":"https:\/\/radiostargjilan.com\/web\/wp-json\/wp\/v2\/posts\/196765","targetHints":{"allow":["GET"]}}],"collection":[{"href":"https:\/\/radiostargjilan.com\/web\/wp-json\/wp\/v2\/posts"}],"about":[{"href":"https:\/\/radiostargjilan.com\/web\/wp-json\/wp\/v2\/types\/post"}],"author":[{"embeddable":true,"href":"https:\/\/radiostargjilan.com\/web\/wp-json\/wp\/v2\/users\/1"}],"replies":[{"embeddable":true,"href":"https:\/\/radiostargjilan.com\/web\/wp-json\/wp\/v2\/comments?post=196765"}],"version-history":[{"count":0,"href":"https:\/\/radiostargjilan.com\/web\/wp-json\/wp\/v2\/posts\/196765\/revisions"}],"wp:featuredmedia":[{"embeddable":true,"href":"https:\/\/radiostargjilan.com\/web\/wp-json\/wp\/v2\/media\/196722"}],"wp:attachment":[{"href":"https:\/\/radiostargjilan.com\/web\/wp-json\/wp\/v2\/media?parent=196765"}],"wp:term":[{"taxonomy":"category","embeddable":true,"href":"https:\/\/radiostargjilan.com\/web\/wp-json\/wp\/v2\/categories?post=196765"},{"taxonomy":"post_tag","embeddable":true,"href":"https:\/\/radiostargjilan.com\/web\/wp-json\/wp\/v2\/tags?post=196765"}],"curies":[{"name":"wp","href":"https:\/\/api.w.org\/{rel}","templated":true}]}}