{"id":198162,"date":"2025-03-16T22:59:21","date_gmt":"2025-03-16T21:59:21","guid":{"rendered":"https:\/\/radiostargjilan.com\/web\/?p=198162"},"modified":"2025-03-16T22:59:21","modified_gmt":"2025-03-16T21:59:21","slug":"demtohen-flamujt-para-komunes-se-gjilanit-flamuri-i-kosoves-bie-ne-toke","status":"publish","type":"post","link":"https:\/\/radiostargjilan.com\/web\/demtohen-flamujt-para-komunes-se-gjilanit-flamuri-i-kosoves-bie-ne-toke\/","title":{"rendered":"D\u00ebmtohen flamujt para komun\u00ebs s\u00eb Gjilanit, flamuri i Kosov\u00ebs bie n\u00eb tok\u00eb"},"content":{"rendered":"<p>Flamujt para nd\u00ebrtes\u00ebs s\u00eb Komun\u00ebs s\u00eb Gjilanit jan\u00eb d\u00ebmtuar, duke sjell\u00eb nj\u00eb pamje shqet\u00ebsuese p\u00ebr qytetar\u00ebt. N\u00eb nj\u00eb foto t\u00eb siguruar nga Radio Star, shihet se mbajt\u00ebset e flamujve jan\u00eb d\u00ebmtuar r\u00ebnd\u00eb, duke b\u00ebr\u00eb q\u00eb flamuri i Kosov\u00ebs t\u00eb rr\u00ebzohet n\u00eb tok\u00eb.<\/p>\n<p>Nuk dihet ende n\u00ebse d\u00ebmtimi \u00ebsht\u00eb shkaktuar nga kushtet atmosferike apo nga ndonj\u00eb faktor tjet\u00ebr, por pamjet kan\u00eb ngjallur reagime n\u00eb rrjetet sociale.<\/p>\n<p>Nga Komuna e Gjilanit nuk ka pasur ende nj\u00eb reagim zyrtar p\u00ebr k\u00ebt\u00eb \u00e7\u00ebshtje, por pritet q\u00eb institucionet p\u00ebrgjegj\u00ebse t\u00eb marrin masa p\u00ebr t\u00eb rikthyer flamujt n\u00eb gjendjen e tyre t\u00eb m\u00ebparshme.<\/p>\n<p>Ngjarja ka nxitur diskutime mbi mir\u00ebmbajtjen e simboleve shtet\u00ebrore dhe kujdesin q\u00eb duhet treguar ndaj tyre, sidomos n\u00eb hap\u00ebsira publike dhe pran\u00eb institucioneve zyrtare.<\/p>\n","protected":false},"excerpt":{"rendered":"<p>Flamujt para nd\u00ebrtes\u00ebs s\u00eb Komun\u00ebs s\u00eb Gjilanit jan\u00eb d\u00ebmtuar, duke sjell\u00eb nj\u00eb pamje shqet\u00ebsuese p\u00ebr qytetar\u00ebt. N\u00eb nj\u00eb foto t\u00eb siguruar nga Radio Star, shihet se mbajt\u00ebset e flamujve jan\u00eb d\u00ebmtuar r\u00ebnd\u00eb, duke b\u00ebr\u00eb q\u00eb flamuri i Kosov\u00ebs t\u00eb rr\u00ebzohet n\u00eb tok\u00eb. Nuk dihet ende n\u00ebse d\u00ebmtimi \u00ebsht\u00eb shkaktuar nga kushtet atmosferike apo nga ndonj\u00eb [&hellip;]<\/p>\n","protected":false},"author":1,"featured_media":198164,"comment_status":"closed","ping_status":"closed","sticky":false,"template":"","format":"standard","meta":{"footnotes":""},"categories":[5],"tags":[],"class_list":{"0":"post-198162","1":"post","2":"type-post","3":"status-publish","4":"format-standard","5":"has-post-thumbnail","7":"category-lajme"},"_links":{"self":[{"href":"https:\/\/radiostargjilan.com\/web\/wp-json\/wp\/v2\/posts\/198162","targetHints":{"allow":["GET"]}}],"collection":[{"href":"https:\/\/radiostargjilan.com\/web\/wp-json\/wp\/v2\/posts"}],"about":[{"href":"https:\/\/radiostargjilan.com\/web\/wp-json\/wp\/v2\/types\/post"}],"author":[{"embeddable":true,"href":"https:\/\/radiostargjilan.com\/web\/wp-json\/wp\/v2\/users\/1"}],"replies":[{"embeddable":true,"href":"https:\/\/radiostargjilan.com\/web\/wp-json\/wp\/v2\/comments?post=198162"}],"version-history":[{"count":0,"href":"https:\/\/radiostargjilan.com\/web\/wp-json\/wp\/v2\/posts\/198162\/revisions"}],"wp:featuredmedia":[{"embeddable":true,"href":"https:\/\/radiostargjilan.com\/web\/wp-json\/wp\/v2\/media\/198164"}],"wp:attachment":[{"href":"https:\/\/radiostargjilan.com\/web\/wp-json\/wp\/v2\/media?parent=198162"}],"wp:term":[{"taxonomy":"category","embeddable":true,"href":"https:\/\/radiostargjilan.com\/web\/wp-json\/wp\/v2\/categories?post=198162"},{"taxonomy":"post_tag","embeddable":true,"href":"https:\/\/radiostargjilan.com\/web\/wp-json\/wp\/v2\/tags?post=198162"}],"curies":[{"name":"wp","href":"https:\/\/api.w.org\/{rel}","templated":true}]}}