{"id":198263,"date":"2025-03-17T16:39:27","date_gmt":"2025-03-17T15:39:27","guid":{"rendered":"https:\/\/radiostargjilan.com\/web\/?p=198263"},"modified":"2025-03-17T16:39:27","modified_gmt":"2025-03-17T15:39:27","slug":"banoret-ne-kocan-shkaterrojne-lokalin-e-pronarit-te-diskotekes-ku-ndodhi-tragjedia","status":"publish","type":"post","link":"https:\/\/radiostargjilan.com\/web\/banoret-ne-kocan-shkaterrojne-lokalin-e-pronarit-te-diskotekes-ku-ndodhi-tragjedia\/","title":{"rendered":"Banor\u00ebt n\u00eb Ko\u00e7an shkat\u00ebrrojn\u00eb lokalin e pronarit t\u00eb diskotek\u00ebs ku ndodhi tragjedia"},"content":{"rendered":"<p>N\u00eb or\u00ebt e hershme t\u00eb m\u00ebngjesit t\u00eb s\u00eb diel\u00ebs, nj\u00eb shp\u00ebrthim brenda diskotek\u00ebs \u201cPulse\u201d n\u00eb Ko\u00e7an t\u00eb Maqedonis\u00eb, ua mori jet\u00ebn 59 personave q\u00eb ishin brenda.<\/p>\n<p>Lidhur me k\u00ebt\u00eb tragjedi, autoritete maqedonase kan\u00eb arrestuar rreth 20 persona, n\u00eb mesin e tyre edhe pronar\u00ebt e diskotek\u00ebs ku ndodhi rasti.<\/p>\n<p>Banor\u00ebt e Ko\u00e7anit dhe familjar\u00eb t\u00eb personave t\u00eb p\u00ebrfshire ne rast kan\u00eb protestuar sot n\u00eb Ko\u00e7an.<\/p>\n<p>Protestuesit kan\u00eb shkat\u00ebrruar edhe lokalin tjet\u00ebr q\u00eb \u00ebsht\u00eb n\u00eb pron\u00ebsi t\u00eb pronarit t\u00eb diskotek\u00ebs puls.<\/p>\n<p>Video:<\/p>\n<p><iframe loading=\"lazy\" src=\"https:\/\/www.facebook.com\/plugins\/video.php?height=476&amp;href=https%3A%2F%2Fwww.facebook.com%2Flajmtvonline%2Fvideos%2F982323484038702%2F&amp;show_text=false&amp;width=380&amp;t=0\" width=\"380\" height=\"476\" frameborder=\"0\" scrolling=\"no\" allowfullscreen=\"allowfullscreen\" data-mce-fragment=\"1\"><\/iframe><\/p>\n<p>&nbsp;<\/p>\n","protected":false},"excerpt":{"rendered":"<p>N\u00eb or\u00ebt e hershme t\u00eb m\u00ebngjesit t\u00eb s\u00eb diel\u00ebs, nj\u00eb shp\u00ebrthim brenda diskotek\u00ebs \u201cPulse\u201d n\u00eb Ko\u00e7an t\u00eb Maqedonis\u00eb, ua mori jet\u00ebn 59 personave q\u00eb ishin brenda. Lidhur me k\u00ebt\u00eb tragjedi, autoritete maqedonase kan\u00eb arrestuar rreth 20 persona, n\u00eb mesin e tyre edhe pronar\u00ebt e diskotek\u00ebs ku ndodhi rasti. Banor\u00ebt e Ko\u00e7anit dhe familjar\u00eb t\u00eb personave [&hellip;]<\/p>\n","protected":false},"author":1,"featured_media":198264,"comment_status":"closed","ping_status":"closed","sticky":false,"template":"","format":"standard","meta":{"footnotes":""},"categories":[5],"tags":[],"class_list":{"0":"post-198263","1":"post","2":"type-post","3":"status-publish","4":"format-standard","5":"has-post-thumbnail","7":"category-lajme"},"_links":{"self":[{"href":"https:\/\/radiostargjilan.com\/web\/wp-json\/wp\/v2\/posts\/198263","targetHints":{"allow":["GET"]}}],"collection":[{"href":"https:\/\/radiostargjilan.com\/web\/wp-json\/wp\/v2\/posts"}],"about":[{"href":"https:\/\/radiostargjilan.com\/web\/wp-json\/wp\/v2\/types\/post"}],"author":[{"embeddable":true,"href":"https:\/\/radiostargjilan.com\/web\/wp-json\/wp\/v2\/users\/1"}],"replies":[{"embeddable":true,"href":"https:\/\/radiostargjilan.com\/web\/wp-json\/wp\/v2\/comments?post=198263"}],"version-history":[{"count":0,"href":"https:\/\/radiostargjilan.com\/web\/wp-json\/wp\/v2\/posts\/198263\/revisions"}],"wp:featuredmedia":[{"embeddable":true,"href":"https:\/\/radiostargjilan.com\/web\/wp-json\/wp\/v2\/media\/198264"}],"wp:attachment":[{"href":"https:\/\/radiostargjilan.com\/web\/wp-json\/wp\/v2\/media?parent=198263"}],"wp:term":[{"taxonomy":"category","embeddable":true,"href":"https:\/\/radiostargjilan.com\/web\/wp-json\/wp\/v2\/categories?post=198263"},{"taxonomy":"post_tag","embeddable":true,"href":"https:\/\/radiostargjilan.com\/web\/wp-json\/wp\/v2\/tags?post=198263"}],"curies":[{"name":"wp","href":"https:\/\/api.w.org\/{rel}","templated":true}]}}