{"id":198333,"date":"2025-03-18T12:45:50","date_gmt":"2025-03-18T11:45:50","guid":{"rendered":"https:\/\/radiostargjilan.com\/web\/?p=198333"},"modified":"2025-03-18T12:45:50","modified_gmt":"2025-03-18T11:45:50","slug":"gjilan-dy-te-mitur-tentojne-grabitjen-ne-nje-market-sulmojne-edhe-punetoren","status":"publish","type":"post","link":"https:\/\/radiostargjilan.com\/web\/gjilan-dy-te-mitur-tentojne-grabitjen-ne-nje-market-sulmojne-edhe-punetoren\/","title":{"rendered":"Gjilan: Dy t\u00eb mitur tentojn\u00eb grabitjen n\u00eb nj\u00eb market, sulmojn\u00eb edhe pun\u00ebtoren"},"content":{"rendered":"<p>Dy t\u00eb mitur jan\u00eb arrestuar nga Policia e Kosov\u00ebs, pasi q\u00eb t\u00eb nj\u00ebjtit dyshohet se kishin tentuar t\u00eb kryejn\u00eb grabitje n\u00eb nj\u00eb market n\u00eb Gjilan.<\/p>\n<p>Policia n\u00eb raportin ditor ka b\u00ebr\u00eb t\u00eb ditur se t\u00eb dyshuarit kishin sulmuar me shishe qelqi pun\u00ebtoren e marketit, derisa t\u00eb nj\u00ebjt\u00ebs i kan\u00eb shkaktuar l\u00ebndime t\u00eb lehta trupore.<\/p>\n<p>\u201cMe vendim t\u00eb prokurorit pas intervistimit t\u00eb dyshuarit jan\u00eb d\u00ebrguar n\u00eb mbajtje\u201d, thuhet n\u00eb njoftim.<\/p>\n","protected":false},"excerpt":{"rendered":"<p>Dy t\u00eb mitur jan\u00eb arrestuar nga Policia e Kosov\u00ebs, pasi q\u00eb t\u00eb nj\u00ebjtit dyshohet se kishin tentuar t\u00eb kryejn\u00eb grabitje n\u00eb nj\u00eb market n\u00eb Gjilan. Policia n\u00eb raportin ditor ka b\u00ebr\u00eb t\u00eb ditur se t\u00eb dyshuarit kishin sulmuar me shishe qelqi pun\u00ebtoren e marketit, derisa t\u00eb nj\u00ebjt\u00ebs i kan\u00eb shkaktuar l\u00ebndime t\u00eb lehta trupore. \u201cMe [&hellip;]<\/p>\n","protected":false},"author":1,"featured_media":197680,"comment_status":"closed","ping_status":"closed","sticky":false,"template":"","format":"standard","meta":{"footnotes":""},"categories":[5],"tags":[],"class_list":{"0":"post-198333","1":"post","2":"type-post","3":"status-publish","4":"format-standard","5":"has-post-thumbnail","7":"category-lajme"},"_links":{"self":[{"href":"https:\/\/radiostargjilan.com\/web\/wp-json\/wp\/v2\/posts\/198333","targetHints":{"allow":["GET"]}}],"collection":[{"href":"https:\/\/radiostargjilan.com\/web\/wp-json\/wp\/v2\/posts"}],"about":[{"href":"https:\/\/radiostargjilan.com\/web\/wp-json\/wp\/v2\/types\/post"}],"author":[{"embeddable":true,"href":"https:\/\/radiostargjilan.com\/web\/wp-json\/wp\/v2\/users\/1"}],"replies":[{"embeddable":true,"href":"https:\/\/radiostargjilan.com\/web\/wp-json\/wp\/v2\/comments?post=198333"}],"version-history":[{"count":0,"href":"https:\/\/radiostargjilan.com\/web\/wp-json\/wp\/v2\/posts\/198333\/revisions"}],"wp:featuredmedia":[{"embeddable":true,"href":"https:\/\/radiostargjilan.com\/web\/wp-json\/wp\/v2\/media\/197680"}],"wp:attachment":[{"href":"https:\/\/radiostargjilan.com\/web\/wp-json\/wp\/v2\/media?parent=198333"}],"wp:term":[{"taxonomy":"category","embeddable":true,"href":"https:\/\/radiostargjilan.com\/web\/wp-json\/wp\/v2\/categories?post=198333"},{"taxonomy":"post_tag","embeddable":true,"href":"https:\/\/radiostargjilan.com\/web\/wp-json\/wp\/v2\/tags?post=198333"}],"curies":[{"name":"wp","href":"https:\/\/api.w.org\/{rel}","templated":true}]}}