{"id":19847,"date":"2018-06-22T09:31:59","date_gmt":"2018-06-22T09:31:59","guid":{"rendered":"http:\/\/radiostargjilan.com\/web\/?p=19847"},"modified":"2018-06-22T09:31:59","modified_gmt":"2018-06-22T09:31:59","slug":"pamje-fantastike-nga-rruga-e-stolisur-me-flamuj-te-zvicres","status":"publish","type":"post","link":"https:\/\/radiostargjilan.com\/web\/pamje-fantastike-nga-rruga-e-stolisur-me-flamuj-te-zvicres\/","title":{"rendered":"Pamje fantastike nga rruga e stolisur me flamuj t\u00eb Zvicr\u00ebs."},"content":{"rendered":"<p>N\u00eb prag t\u00eb ndeshjes nd\u00ebrmjet Zvicr\u00ebs dhe Serbis\u00eb disa nga rrug\u00ebt e Gjilanit jan\u00eb mbuluar me flamuj zvicerian, n\u00eb p\u00ebrkrahje k\u00ebshtu t\u00eb futbollist\u00ebve shqiptar\u00eb q\u00eb luajn\u00eb p\u00ebr shtetin helvet.<\/p>\n<p>\u201cRruga e Prishtin\u00ebs\u201d, si\u00e7 njihet ndryshe n\u00eb qytetin e Gjilanit tashm\u00eb \u00ebsht\u00eb mbuluar me flamujt e Zvicr\u00ebs dhe \u00ebsht\u00eb krijuar nj\u00eb atmosfer\u00eb Bot\u00ebrori.<\/p>\n<p>Kujtojm\u00eb q\u00eb futbollisti Xherdan Shaqiri q\u00eb luan p\u00ebr Zvicr\u00ebn n\u00eb k\u00ebt\u00eb Kampionat Bot\u00ebror \u00ebsht\u00eb pik\u00ebrisht me vendlindja nga Gjilani.<\/p>\n<div style=\"width: 160px;\" class=\"wp-video\"><video class=\"wp-video-shortcode\" id=\"video-19847-1\" width=\"160\" height=\"278\" preload=\"metadata\" controls=\"controls\"><source type=\"video\/mp4\" src=\"https:\/\/radiostargjilan.com\/web\/wp-content\/uploads\/2018\/06\/2.mp4?_=1\" \/><a href=\"https:\/\/radiostargjilan.com\/web\/wp-content\/uploads\/2018\/06\/2.mp4\">https:\/\/radiostargjilan.com\/web\/wp-content\/uploads\/2018\/06\/2.mp4<\/a><\/video><\/div>\n<div style=\"width: 400px;\" class=\"wp-video\"><video class=\"wp-video-shortcode\" id=\"video-19847-2\" width=\"400\" height=\"224\" preload=\"metadata\" controls=\"controls\"><source type=\"video\/mp4\" src=\"https:\/\/radiostargjilan.com\/web\/wp-content\/uploads\/2018\/06\/3.mp4?_=2\" \/><a href=\"https:\/\/radiostargjilan.com\/web\/wp-content\/uploads\/2018\/06\/3.mp4\">https:\/\/radiostargjilan.com\/web\/wp-content\/uploads\/2018\/06\/3.mp4<\/a><\/video><\/div>\n","protected":false},"excerpt":{"rendered":"<p>N\u00eb prag t\u00eb ndeshjes nd\u00ebrmjet Zvicr\u00ebs dhe Serbis\u00eb disa nga rrug\u00ebt e Gjilanit jan\u00eb mbuluar me flamuj zvicerian, n\u00eb p\u00ebrkrahje k\u00ebshtu t\u00eb futbollist\u00ebve shqiptar\u00eb q\u00eb luajn\u00eb p\u00ebr shtetin helvet. \u201cRruga e Prishtin\u00ebs\u201d, si\u00e7 njihet ndryshe n\u00eb qytetin e Gjilanit tashm\u00eb \u00ebsht\u00eb mbuluar me flamujt e Zvicr\u00ebs dhe \u00ebsht\u00eb krijuar nj\u00eb atmosfer\u00eb Bot\u00ebrori. Kujtojm\u00eb q\u00eb futbollisti [&hellip;]<\/p>\n","protected":false},"author":1,"featured_media":19850,"comment_status":"closed","ping_status":"closed","sticky":false,"template":"","format":"standard","meta":{"footnotes":""},"categories":[5],"tags":[],"class_list":{"0":"post-19847","1":"post","2":"type-post","3":"status-publish","4":"format-standard","5":"has-post-thumbnail","7":"category-lajme"},"_links":{"self":[{"href":"https:\/\/radiostargjilan.com\/web\/wp-json\/wp\/v2\/posts\/19847","targetHints":{"allow":["GET"]}}],"collection":[{"href":"https:\/\/radiostargjilan.com\/web\/wp-json\/wp\/v2\/posts"}],"about":[{"href":"https:\/\/radiostargjilan.com\/web\/wp-json\/wp\/v2\/types\/post"}],"author":[{"embeddable":true,"href":"https:\/\/radiostargjilan.com\/web\/wp-json\/wp\/v2\/users\/1"}],"replies":[{"embeddable":true,"href":"https:\/\/radiostargjilan.com\/web\/wp-json\/wp\/v2\/comments?post=19847"}],"version-history":[{"count":0,"href":"https:\/\/radiostargjilan.com\/web\/wp-json\/wp\/v2\/posts\/19847\/revisions"}],"wp:featuredmedia":[{"embeddable":true,"href":"https:\/\/radiostargjilan.com\/web\/wp-json\/wp\/v2\/media\/19850"}],"wp:attachment":[{"href":"https:\/\/radiostargjilan.com\/web\/wp-json\/wp\/v2\/media?parent=19847"}],"wp:term":[{"taxonomy":"category","embeddable":true,"href":"https:\/\/radiostargjilan.com\/web\/wp-json\/wp\/v2\/categories?post=19847"},{"taxonomy":"post_tag","embeddable":true,"href":"https:\/\/radiostargjilan.com\/web\/wp-json\/wp\/v2\/tags?post=19847"}],"curies":[{"name":"wp","href":"https:\/\/api.w.org\/{rel}","templated":true}]}}