{"id":19987,"date":"2018-06-22T19:57:28","date_gmt":"2018-06-22T19:57:28","guid":{"rendered":"http:\/\/radiostargjilan.com\/web\/?p=19987"},"modified":"2018-06-22T19:57:28","modified_gmt":"2018-06-22T19:57:28","slug":"shqiptaret-e-zvicres-mposhtin-serbin","status":"publish","type":"post","link":"https:\/\/radiostargjilan.com\/web\/shqiptaret-e-zvicres-mposhtin-serbin\/","title":{"rendered":"Shqiptar\u00ebt e Zvicr\u00ebs mposhtin Serbin"},"content":{"rendered":"<p>Granit Xhaka dhe Xherdan Shaqiri realizuan dy gola t\u00eb mrekulluesh\u00ebm n\u00eb fitoren 2-1 t\u00eb Zvicr\u00ebs ndaj Serbis\u00eb n\u00eb ndeshjen e dyt\u00eb n\u00eb Bot\u00ebror<\/p>\n<p>Edhe pse Serbia sh\u00ebnoi q\u00eb n\u00eb minut\u00ebn e 5, Zvicra gjeti forca dhe me dy lojtar\u00ebt me origjin\u00eb shqiptare arriti t\u00eb p\u00ebrmbys\u00eb gjith\u00e7ka n\u00eb k\u00ebt\u00eb ndeshje.<br \/>\nN\u00eb 45 minutat e para vendosi nj\u00eb gol i sh\u00ebnuar nga Mitrovi\u00e7 n\u00eb minut\u00ebn e pest\u00eb t\u00eb ndeshjes.<br \/>\nZvicra reagoi pas golit t\u00eb par\u00eb, duke krijuar disa raste t\u00eb mira p\u00ebr sh\u00ebnim, ku mund t\u00eb ve\u00e7ohet nj\u00eb devijim i topit nga Dzemaili, i cili po shkonte n\u00eb rrjet\u00eb, por n\u00eb fund u prit nga portieri serb. Nd\u00ebrkoh\u00eb, me an\u00eb t\u00eb kund\u00ebrsulmit edhe Serbia \u00ebsht\u00eb shfaqur rreziksh\u00ebm n\u00eb disa raste p\u00ebr t\u00eb sh\u00ebnuar edhe golin e dyt\u00eb n\u00eb k\u00ebt\u00eb ndeshje.<br \/>\nPor duhet t\u00eb vinte minuta e 52-t\u00eb q\u00eb Granit Xhaka t\u00eb barazonte shifrat n\u00eb 1-1.Lojtari me origjin\u00eb shqiptare l\u00ebshoi nj\u00eb silur\u00eb t\u00eb v\u00ebrtet\u00eb n\u00eb drejtim t\u00eb port\u00ebs s\u00eb Serbis\u00eb, duke mos i l\u00ebn\u00eb asnj\u00eb shans reagimi portierit.<br \/>\nNd\u00ebrkoh\u00eb, n\u00eb minut\u00ebn e fundit t\u00eb koh\u00ebs s\u00eb rregullt, ishte Xherdan Shaqiri, i cili arriti t\u00eb sh\u00ebnoj\u00eb edhe golin e dyt\u00eb p\u00ebr Zvicr\u00ebn.<br \/>\nMe k\u00ebt\u00eb fitore, Zvicra shkon n\u00eb kuot\u00ebn e kat\u00ebr pik\u00ebve dhe tashm\u00eb i duhet vet\u00ebm nj\u00eb barazim p\u00ebr t\u00eb kaluar n\u00eb faz\u00ebn tjet\u00ebr t\u00eb Bot\u00ebrorit.<\/p>\n","protected":false},"excerpt":{"rendered":"<p>Granit Xhaka dhe Xherdan Shaqiri realizuan dy gola t\u00eb mrekulluesh\u00ebm n\u00eb fitoren 2-1 t\u00eb Zvicr\u00ebs ndaj Serbis\u00eb n\u00eb ndeshjen e dyt\u00eb n\u00eb Bot\u00ebror Edhe pse Serbia sh\u00ebnoi q\u00eb n\u00eb minut\u00ebn e 5, Zvicra gjeti forca dhe me dy lojtar\u00ebt me origjin\u00eb shqiptare arriti t\u00eb p\u00ebrmbys\u00eb gjith\u00e7ka n\u00eb k\u00ebt\u00eb ndeshje. N\u00eb 45 minutat e para vendosi [&hellip;]<\/p>\n","protected":false},"author":1,"featured_media":19988,"comment_status":"closed","ping_status":"closed","sticky":false,"template":"","format":"standard","meta":{"footnotes":""},"categories":[5],"tags":[],"class_list":{"0":"post-19987","1":"post","2":"type-post","3":"status-publish","4":"format-standard","5":"has-post-thumbnail","7":"category-lajme"},"_links":{"self":[{"href":"https:\/\/radiostargjilan.com\/web\/wp-json\/wp\/v2\/posts\/19987","targetHints":{"allow":["GET"]}}],"collection":[{"href":"https:\/\/radiostargjilan.com\/web\/wp-json\/wp\/v2\/posts"}],"about":[{"href":"https:\/\/radiostargjilan.com\/web\/wp-json\/wp\/v2\/types\/post"}],"author":[{"embeddable":true,"href":"https:\/\/radiostargjilan.com\/web\/wp-json\/wp\/v2\/users\/1"}],"replies":[{"embeddable":true,"href":"https:\/\/radiostargjilan.com\/web\/wp-json\/wp\/v2\/comments?post=19987"}],"version-history":[{"count":0,"href":"https:\/\/radiostargjilan.com\/web\/wp-json\/wp\/v2\/posts\/19987\/revisions"}],"wp:featuredmedia":[{"embeddable":true,"href":"https:\/\/radiostargjilan.com\/web\/wp-json\/wp\/v2\/media\/19988"}],"wp:attachment":[{"href":"https:\/\/radiostargjilan.com\/web\/wp-json\/wp\/v2\/media?parent=19987"}],"wp:term":[{"taxonomy":"category","embeddable":true,"href":"https:\/\/radiostargjilan.com\/web\/wp-json\/wp\/v2\/categories?post=19987"},{"taxonomy":"post_tag","embeddable":true,"href":"https:\/\/radiostargjilan.com\/web\/wp-json\/wp\/v2\/tags?post=19987"}],"curies":[{"name":"wp","href":"https:\/\/api.w.org\/{rel}","templated":true}]}}