{"id":201895,"date":"2025-04-27T23:06:51","date_gmt":"2025-04-27T21:06:51","guid":{"rendered":"https:\/\/radiostargjilan.com\/web\/?p=201895"},"modified":"2025-04-27T23:06:51","modified_gmt":"2025-04-27T21:06:51","slug":"nuk-jeni-per-me-lujte-futboll-jeni-per-me-shite-hekra-belgin-jashari-tregon-se-si-u-sulmua-ne-fushe","status":"publish","type":"post","link":"https:\/\/radiostargjilan.com\/web\/nuk-jeni-per-me-lujte-futboll-jeni-per-me-shite-hekra-belgin-jashari-tregon-se-si-u-sulmua-ne-fushe\/","title":{"rendered":"\u201cNuk jeni p\u00ebr me lujt\u00eb futboll, jeni p\u00ebr me shit\u00eb hekra\u201d, Belgin Jashari tregon se si u sulmua n\u00eb fush\u00eb"},"content":{"rendered":"<p>Futbollisti Belgin Jashari, ka treguar p\u00ebr incidentin q\u00eb i b\u00ebri vaki atij para disa dit\u00ebsh n\u00eb nj\u00eb ndeshje t\u00eb futbollit n\u00eb Obiliq.<\/p>\n<p>M\u00eb 21 prill, ai u sulmua fizikisht gjat\u00eb nj\u00eb loje q\u00eb ekipi i tij e pati ndaj ShF Arsenalit.<\/p>\n<p>Kjo ngjarje e r\u00ebnd\u00eb u d\u00ebnua dhe u cil\u00ebsua si e patolerueshme nga opinioni publik, p\u00ebrfshir\u00eb edhe presidenten e Kosov\u00ebs Vjosa Osmani.<\/p>\n<p>\u201cNe kemi shkuar ta luajm\u00eb loj\u00ebn ton\u00eb, t\u00eb fitojm\u00eb edhe t\u00eb kthehemi n\u00eb Fush\u00eb Kosov\u00eb dhe t\u00eb festojm\u00eb. Ka pasur tensione mes lojtar\u00ebve ton\u00eb edhe kund\u00ebrshtar\u00ebve edhe shkova ta ndaj\u00eb ekipin tim q\u00eb t\u00eb mos b\u00ebj tension edhe m\u00eb t\u00eb madhe dhe t\u00eb marrim karton\u00eb. N\u00eb momentin q\u00eb i kam dal p\u00ebrball\u00eb 9-shit shihet edhe n\u00eb video, t\u00eb ekipit kund\u00ebrshtar\u00eb, ai m\u00eb ka shtyr\u00eb edhe m\u00eb ka th\u00ebn\u00eb \u201c\u00c7ka po do o maxhup?\u201d. E kam shtyr\u00eb edhe m\u00eb ka shtyr\u00eb, dhe pastaj ka hyr\u00eb n\u00eb fush\u00eb prindi dhe m\u00eb ka goditur me shqelm. Ai m\u00eb tha se \u201cJu nuk jeni p\u00ebr asgj\u00eb ju jeni p\u00ebr t\u00eb mbledhur hekra\u201d, deklaroi Jashari n\u00eb emisionin \u201cSports Show\u201d n\u00eb Klan Kosova.<\/p>\n<p>15 vje\u00e7ari aktualisht \u00ebsht\u00eb golash\u00ebnuesi m\u00eb i mir\u00eb n\u00eb kategorin\u00eb e tij me 20 gola.<\/p>\n<p>Ai po ashtu i ka edhe 15 asistime.<\/p>\n","protected":false},"excerpt":{"rendered":"<p>Futbollisti Belgin Jashari, ka treguar p\u00ebr incidentin q\u00eb i b\u00ebri vaki atij para disa dit\u00ebsh n\u00eb nj\u00eb ndeshje t\u00eb futbollit n\u00eb Obiliq. M\u00eb 21 prill, ai u sulmua fizikisht gjat\u00eb nj\u00eb loje q\u00eb ekipi i tij e pati ndaj ShF Arsenalit. Kjo ngjarje e r\u00ebnd\u00eb u d\u00ebnua dhe u cil\u00ebsua si e patolerueshme nga opinioni [&hellip;]<\/p>\n","protected":false},"author":1,"featured_media":201896,"comment_status":"closed","ping_status":"closed","sticky":false,"template":"","format":"standard","meta":{"footnotes":""},"categories":[7],"tags":[],"class_list":{"0":"post-201895","1":"post","2":"type-post","3":"status-publish","4":"format-standard","5":"has-post-thumbnail","7":"category-sports"},"_links":{"self":[{"href":"https:\/\/radiostargjilan.com\/web\/wp-json\/wp\/v2\/posts\/201895","targetHints":{"allow":["GET"]}}],"collection":[{"href":"https:\/\/radiostargjilan.com\/web\/wp-json\/wp\/v2\/posts"}],"about":[{"href":"https:\/\/radiostargjilan.com\/web\/wp-json\/wp\/v2\/types\/post"}],"author":[{"embeddable":true,"href":"https:\/\/radiostargjilan.com\/web\/wp-json\/wp\/v2\/users\/1"}],"replies":[{"embeddable":true,"href":"https:\/\/radiostargjilan.com\/web\/wp-json\/wp\/v2\/comments?post=201895"}],"version-history":[{"count":0,"href":"https:\/\/radiostargjilan.com\/web\/wp-json\/wp\/v2\/posts\/201895\/revisions"}],"wp:featuredmedia":[{"embeddable":true,"href":"https:\/\/radiostargjilan.com\/web\/wp-json\/wp\/v2\/media\/201896"}],"wp:attachment":[{"href":"https:\/\/radiostargjilan.com\/web\/wp-json\/wp\/v2\/media?parent=201895"}],"wp:term":[{"taxonomy":"category","embeddable":true,"href":"https:\/\/radiostargjilan.com\/web\/wp-json\/wp\/v2\/categories?post=201895"},{"taxonomy":"post_tag","embeddable":true,"href":"https:\/\/radiostargjilan.com\/web\/wp-json\/wp\/v2\/tags?post=201895"}],"curies":[{"name":"wp","href":"https:\/\/api.w.org\/{rel}","templated":true}]}}