{"id":201948,"date":"2025-04-28T13:39:55","date_gmt":"2025-04-28T11:39:55","guid":{"rendered":"https:\/\/radiostargjilan.com\/web\/?p=201948"},"modified":"2025-04-28T13:39:55","modified_gmt":"2025-04-28T11:39:55","slug":"mpb-fton-qytetaret-e-kosoves-te-regjistrojne-faktet-e-gjendjes-civile","status":"publish","type":"post","link":"https:\/\/radiostargjilan.com\/web\/mpb-fton-qytetaret-e-kosoves-te-regjistrojne-faktet-e-gjendjes-civile\/","title":{"rendered":"MPB fton qytetar\u00ebt e Kosov\u00ebs t\u00eb regjistrojn\u00eb faktet e gjendjes civile"},"content":{"rendered":"<p>Ministria e Pun\u00ebve t\u00eb Brendshme ka njoftuar qytetar\u00ebt e Kosov\u00ebs se kan\u00eb mbetur edhe pak dit\u00eb p\u00ebr t\u00eb shfryt\u00ebzuar t\u00eb drejt\u00ebn p\u00ebr aplikim p\u00ebr regjistrimin e fakteve n\u00eb Regjistrin Qendror t\u00eb Gjendjes Civile t\u00eb Republik\u00ebs s\u00eb Kosov\u00ebs, sipas Vendimit t\u00eb Ministrit t\u00eb Pun\u00ebve t\u00eb Brendshme me Nr. <a href=\"tel:0616\/2024\">0616\/2024<\/a> t\u00eb dat\u00ebs 21 n\u00ebntor 2024.<\/p>\n<p>P\u00ebrmes nj\u00eb komunikate MPB-ja i ka ftuar qytetar\u00ebt q\u00eb t\u00eb shfryt\u00ebzojn\u00eb t\u00eb drejt\u00ebn p\u00ebr regjistrim t\u00eb fakteve sipas vendimit Nr. <a href=\"tel:0616\/2024\">0616\/2024<\/a> t\u00eb dat\u00ebs 21 n\u00ebntor 2024 deri me dat\u00eb 30 prill 2025 nd\u00ebrsa pas k\u00ebsaj date faktet e gjendjes civile sic jan\u00eb lindja, martesa dhe vdekja q\u00eb jan\u00eb regjistruar n\u00eb strukturat jo-legale serbe nga data 10 qershor 1999 deri n\u00eb dat\u00ebn 1 shkurt 2025, b\u00ebhet e ditur se nuk do t\u00eb mund t\u00eb regjistrohen n\u00eb Regjistrin Qendror t\u00eb Gjendjes Civile t\u00eb Republik\u00ebs s\u00eb Kosov\u00ebs<\/p>\n<div class=\"jeg_ad jeg_ad_article jnews_content_inline_ads  \">\n<div class=\"ads-wrapper align-center \"><\/div>\n<\/div>\n<p>T\u00eb drejt\u00ebn p\u00ebr parashtrimin e k\u00ebrkes\u00ebs p\u00ebr regjistrimin e fakteve sipas k\u00ebtij vendimi thuhet se kan\u00eb t\u00eb gjith\u00eb qytetar\u00ebt e Kosov\u00ebs, t\u00eb cil\u00ebt kan\u00eb regjistruar faktet e gjendjes civile lindjen, martes\u00ebn dhe vdekjen n\u00eb strukturat jo-legale serbe, nga data 10 qershor 1999 deri n\u00eb dat\u00ebn 1 shkurt 2025.<\/p>\n<p>\u201cNjoftojm\u00eb qytetar\u00ebt se p\u00ebr faktet, p\u00ebrkat\u00ebsisht lindjet dhe vdekjet q\u00eb kan\u00eb ndodhur pas dat\u00ebs 1 shkurt 2025 n\u00eb territorin e Republik\u00ebs s\u00eb Kosov\u00ebs, qoft\u00eb jasht\u00eb institucioneve sh\u00ebndet\u00ebsore dhe atyre p\u00ebr t\u00eb cilat nuk mund t\u00eb ofrohet si d\u00ebshmi ndonj\u00eb certifikat\u00eb apo dokument, t\u00eb parashtrojn\u00eb k\u00ebrkes\u00eb p\u00ebr regjistrim t\u00eb m\u00ebvonsh\u00ebm p\u00ebrmes deklarimit, pran\u00eb Zyrave t\u00eb Gjendjes Civile n\u00eb komunat e tyre p\u00ebrkat\u00ebse\u201d, thuhet n\u00eb komunikat\u00eb.<\/p>\n<p>Sipas njoftimit trajtimi i k\u00ebrkesave, kriteret dhe procedura do t\u00eb zhvillohet n\u00eb pajtim me legjislacionin e gjendjes civile.<\/p>\n<p>\u201cQytetar\u00ebt mund t\u00eb marrin informatat n\u00eb Zyr\u00ebn e Gjendjes Civile ku do t\u00eb parashtrojn\u00eb k\u00ebrkes\u00ebn, lidhur me dokumentet q\u00eb duhet t\u00eb dor\u00ebzojn\u00eb dhe kriteret q\u00eb duhet ti plot\u00ebsojn\u00eb\u201d, theksohet n\u00eb komunikat\u00eb.<\/p>\n<p>Tutje b\u00ebhet e ditur se deri tani vendimi \u00ebsht\u00eb duke u zbatuar me suksese t\u00eb plot\u00eb p\u00ebr t\u00eb gjitha kategorit\u00eb q\u00eb rregullohen prej tij dhe se gjat\u00eb periudh\u00ebs 1 shkurt deri me 25 prill \u00a0jan\u00eb realizuar gjithsej 4330 regjistrime, p\u00ebrfshir\u00eb: 2159 lindje, 1108 martesa dhe 1063 vdekje.<\/p>\n<p>\u201cDuke pasur parasysh suksesin e arritur deri tani, Ministria e Pun\u00ebve t\u00eb Brendshme, po vazhdon t\u00eb nd\u00ebrmarr\u00eb t\u00eb gjitha veprimet e nevojshme p\u00ebr t\u00eb siguruar zbatimin e plot\u00eb t\u00eb Vendimit, si dhe p\u00ebr t\u00eb p\u00ebrmir\u00ebsuar sh\u00ebrbimet, me q\u00ebllim q\u00eb t\u00eb ofroj\u00eb m\u00eb shum\u00eb mund\u00ebsi dhe mb\u00ebshtetje p\u00ebr qytetar\u00ebt e Republik\u00ebs s\u00eb Kosov\u00ebs\u201d, thuhet n\u00eb komunikat\u00eb.<\/p>\n<p><iframe loading=\"lazy\" src=\"https:\/\/www.facebook.com\/plugins\/post.php?href=https%3A%2F%2Fwww.facebook.com%2FRKS.MPB%2Fposts%2Fpfbid02CWpsVSCkAQ8uzhPGEfCYfwz46a7WhE6fp3KQk1btUigVDTnvj9XcHaxBR5hqRwenl&amp;show_text=true&amp;width=500\" width=\"500\" height=\"751\" frameborder=\"0\" scrolling=\"no\" allowfullscreen=\"allowfullscreen\"><\/iframe><\/p>\n","protected":false},"excerpt":{"rendered":"<p>Ministria e Pun\u00ebve t\u00eb Brendshme ka njoftuar qytetar\u00ebt e Kosov\u00ebs se kan\u00eb mbetur edhe pak dit\u00eb p\u00ebr t\u00eb shfryt\u00ebzuar t\u00eb drejt\u00ebn p\u00ebr aplikim p\u00ebr regjistrimin e fakteve n\u00eb Regjistrin Qendror t\u00eb Gjendjes Civile t\u00eb Republik\u00ebs s\u00eb Kosov\u00ebs, sipas Vendimit t\u00eb Ministrit t\u00eb Pun\u00ebve t\u00eb Brendshme me Nr. 0616\/2024 t\u00eb dat\u00ebs 21 n\u00ebntor 2024. P\u00ebrmes nj\u00eb [&hellip;]<\/p>\n","protected":false},"author":1,"featured_media":201949,"comment_status":"closed","ping_status":"closed","sticky":false,"template":"","format":"standard","meta":{"footnotes":""},"categories":[5],"tags":[],"class_list":{"0":"post-201948","1":"post","2":"type-post","3":"status-publish","4":"format-standard","5":"has-post-thumbnail","7":"category-lajme"},"_links":{"self":[{"href":"https:\/\/radiostargjilan.com\/web\/wp-json\/wp\/v2\/posts\/201948","targetHints":{"allow":["GET"]}}],"collection":[{"href":"https:\/\/radiostargjilan.com\/web\/wp-json\/wp\/v2\/posts"}],"about":[{"href":"https:\/\/radiostargjilan.com\/web\/wp-json\/wp\/v2\/types\/post"}],"author":[{"embeddable":true,"href":"https:\/\/radiostargjilan.com\/web\/wp-json\/wp\/v2\/users\/1"}],"replies":[{"embeddable":true,"href":"https:\/\/radiostargjilan.com\/web\/wp-json\/wp\/v2\/comments?post=201948"}],"version-history":[{"count":0,"href":"https:\/\/radiostargjilan.com\/web\/wp-json\/wp\/v2\/posts\/201948\/revisions"}],"wp:featuredmedia":[{"embeddable":true,"href":"https:\/\/radiostargjilan.com\/web\/wp-json\/wp\/v2\/media\/201949"}],"wp:attachment":[{"href":"https:\/\/radiostargjilan.com\/web\/wp-json\/wp\/v2\/media?parent=201948"}],"wp:term":[{"taxonomy":"category","embeddable":true,"href":"https:\/\/radiostargjilan.com\/web\/wp-json\/wp\/v2\/categories?post=201948"},{"taxonomy":"post_tag","embeddable":true,"href":"https:\/\/radiostargjilan.com\/web\/wp-json\/wp\/v2\/tags?post=201948"}],"curies":[{"name":"wp","href":"https:\/\/api.w.org\/{rel}","templated":true}]}}