{"id":201955,"date":"2025-04-28T14:12:43","date_gmt":"2025-04-28T12:12:43","guid":{"rendered":"https:\/\/radiostargjilan.com\/web\/?p=201955"},"modified":"2025-04-28T14:12:43","modified_gmt":"2025-04-28T12:12:43","slug":"shenoll-muharremi-mire-me-iu-tregu-njerezve-qe-ne-veri-nuk-po-rritet-cmimi-i-rrymes","status":"publish","type":"post","link":"https:\/\/radiostargjilan.com\/web\/shenoll-muharremi-mire-me-iu-tregu-njerezve-qe-ne-veri-nuk-po-rritet-cmimi-i-rrymes\/","title":{"rendered":"Shenoll Muharremi: Mir\u00eb me iu tregu njer\u00ebzve q\u00eb n\u00eb veri nuk po rritet \u00e7mimi i rrym\u00ebs"},"content":{"rendered":"<p>Analisti Shenoll Muharremi ka ironizuar me vizit\u00ebn e Kurtit n\u00eb veri.<\/p>\n<p>Ai ka th\u00ebn\u00eb se duhet t\u2019u tregohet njer\u00ebzve se n\u00eb veri nuk do t\u00eb rritet \u00e7mimi i rrym\u00ebs.<\/p>\n<p>Postimi:<\/p>\n<p>Me k\u00ebt\u00eb rrug\u00eb n\u00eb Leposaviq qeveria n\u00eb detyr\u00eb mir\u00eb \u00ebsht\u00eb me ju tregu njer\u00ebzve atje se n\u00eb veri nuk jau rrisin \u00e7mimin e rrym\u00ebs. Vet\u00ebm neve posht\u00eb ur\u00ebs Ib\u00ebr na e \u201cfusin\u201d edhe pak, p\u00ebr her\u00eb e tret\u00eb brenda pak viteve. Drejt\u00ebsi e barazi se jo mahi.<\/p>\n<p>&nbsp;<\/p>\n<p><iframe loading=\"lazy\" src=\"https:\/\/www.facebook.com\/plugins\/post.php?href=https%3A%2F%2Fwww.facebook.com%2Fshenoll.muharremi%2Fposts%2Fpfbid0L1GJKdoGozp7DwUNWQEeEmQWwy9e1khSmuqxRy8pWCGLEpZsd6keMkp8NMqHtDNxl&amp;show_text=true&amp;width=500\" width=\"500\" height=\"483\" frameborder=\"0\" scrolling=\"no\" allowfullscreen=\"allowfullscreen\" data-mce-fragment=\"1\"><\/iframe><\/p>\n","protected":false},"excerpt":{"rendered":"<p>Analisti Shenoll Muharremi ka ironizuar me vizit\u00ebn e Kurtit n\u00eb veri. Ai ka th\u00ebn\u00eb se duhet t\u2019u tregohet njer\u00ebzve se n\u00eb veri nuk do t\u00eb rritet \u00e7mimi i rrym\u00ebs. Postimi: Me k\u00ebt\u00eb rrug\u00eb n\u00eb Leposaviq qeveria n\u00eb detyr\u00eb mir\u00eb \u00ebsht\u00eb me ju tregu njer\u00ebzve atje se n\u00eb veri nuk jau rrisin \u00e7mimin e rrym\u00ebs. Vet\u00ebm [&hellip;]<\/p>\n","protected":false},"author":1,"featured_media":201957,"comment_status":"closed","ping_status":"closed","sticky":false,"template":"","format":"standard","meta":{"footnotes":""},"categories":[5],"tags":[],"class_list":{"0":"post-201955","1":"post","2":"type-post","3":"status-publish","4":"format-standard","5":"has-post-thumbnail","7":"category-lajme"},"_links":{"self":[{"href":"https:\/\/radiostargjilan.com\/web\/wp-json\/wp\/v2\/posts\/201955","targetHints":{"allow":["GET"]}}],"collection":[{"href":"https:\/\/radiostargjilan.com\/web\/wp-json\/wp\/v2\/posts"}],"about":[{"href":"https:\/\/radiostargjilan.com\/web\/wp-json\/wp\/v2\/types\/post"}],"author":[{"embeddable":true,"href":"https:\/\/radiostargjilan.com\/web\/wp-json\/wp\/v2\/users\/1"}],"replies":[{"embeddable":true,"href":"https:\/\/radiostargjilan.com\/web\/wp-json\/wp\/v2\/comments?post=201955"}],"version-history":[{"count":0,"href":"https:\/\/radiostargjilan.com\/web\/wp-json\/wp\/v2\/posts\/201955\/revisions"}],"wp:featuredmedia":[{"embeddable":true,"href":"https:\/\/radiostargjilan.com\/web\/wp-json\/wp\/v2\/media\/201957"}],"wp:attachment":[{"href":"https:\/\/radiostargjilan.com\/web\/wp-json\/wp\/v2\/media?parent=201955"}],"wp:term":[{"taxonomy":"category","embeddable":true,"href":"https:\/\/radiostargjilan.com\/web\/wp-json\/wp\/v2\/categories?post=201955"},{"taxonomy":"post_tag","embeddable":true,"href":"https:\/\/radiostargjilan.com\/web\/wp-json\/wp\/v2\/tags?post=201955"}],"curies":[{"name":"wp","href":"https:\/\/api.w.org\/{rel}","templated":true}]}}