{"id":202084,"date":"2025-04-29T23:05:24","date_gmt":"2025-04-29T21:05:24","guid":{"rendered":"https:\/\/radiostargjilan.com\/web\/?p=202084"},"modified":"2025-04-29T23:05:24","modified_gmt":"2025-04-29T21:05:24","slug":"burim-berisha-adem-jashari-dhe-zija-shemsiu-transformimi-qe-ndihmon-ekonomine-e-gjilanit","status":"publish","type":"post","link":"https:\/\/radiostargjilan.com\/web\/burim-berisha-adem-jashari-dhe-zija-shemsiu-transformimi-qe-ndihmon-ekonomine-e-gjilanit\/","title":{"rendered":"Burim Berisha: \u201cAdem Jashari\u201d dhe \u201cZija Shemsiu\u201d, transformimi q\u00eb ndihmon ekonomin\u00eb e Gjilanit"},"content":{"rendered":"<p>Pas 25 vitesh pritje, rrug\u00ebt \u201cAdem Jashari\u201d dhe \u201cZija Shemsiu\u201d po transformohen n\u00eb dy arterie ky\u00e7e p\u00ebr qytetin e Gjilanit. Rikonstruktimi i tyre ka sjell\u00eb trotuare t\u00eb reja, hap\u00ebsira p\u00ebr parkim dhe ndri\u00e7im modern, duke p\u00ebrmir\u00ebsuar qarkullimin dhe sigurin\u00eb p\u00ebr qytetar\u00ebt. Nd\u00ebrhyrja ka rritur gjithashtu mund\u00ebsit\u00eb p\u00ebr zhvillimin e bizneseve t\u00eb vogla. <\/p>\n<p>P\u00ebr m\u00eb tep\u00ebr, nd\u00ebrtimi i parkut p\u00ebrball\u00eb shkoll\u00ebs \u201cMehmet Isai\u201d ofron hap\u00ebsira p\u00ebr pushim dhe aktivitete sociale. Ndri\u00e7imi dhe gjelb\u00ebrimi q\u00eb do t\u00eb vendosen n\u00eb k\u00ebt\u00eb zon\u00eb do t\u00eb kontribuojn\u00eb edhe m\u00eb shum\u00eb n\u00eb p\u00ebrmir\u00ebsimin e cil\u00ebsis\u00eb s\u00eb jetes\u00ebs dhe pamjes s\u00eb p\u00ebrgjithshme t\u00eb qytetit. Ky \u00ebsht\u00eb nj\u00eb hap i r\u00ebnd\u00ebsish\u00ebm p\u00ebr zhvillimin e Gjilanit dhe rritjen e ekonomis\u00eb lokale.<\/p>\n","protected":false},"excerpt":{"rendered":"<p>Pas 25 vitesh pritje, rrug\u00ebt \u201cAdem Jashari\u201d dhe \u201cZija Shemsiu\u201d po transformohen n\u00eb dy arterie ky\u00e7e p\u00ebr qytetin e Gjilanit. Rikonstruktimi i tyre ka sjell\u00eb trotuare t\u00eb reja, hap\u00ebsira p\u00ebr parkim dhe ndri\u00e7im modern, duke p\u00ebrmir\u00ebsuar qarkullimin dhe sigurin\u00eb p\u00ebr qytetar\u00ebt. Nd\u00ebrhyrja ka rritur gjithashtu mund\u00ebsit\u00eb p\u00ebr zhvillimin e bizneseve t\u00eb vogla. P\u00ebr m\u00eb tep\u00ebr, [&hellip;]<\/p>\n","protected":false},"author":1,"featured_media":202086,"comment_status":"closed","ping_status":"closed","sticky":false,"template":"","format":"standard","meta":{"footnotes":""},"categories":[5],"tags":[],"class_list":{"0":"post-202084","1":"post","2":"type-post","3":"status-publish","4":"format-standard","5":"has-post-thumbnail","7":"category-lajme"},"_links":{"self":[{"href":"https:\/\/radiostargjilan.com\/web\/wp-json\/wp\/v2\/posts\/202084","targetHints":{"allow":["GET"]}}],"collection":[{"href":"https:\/\/radiostargjilan.com\/web\/wp-json\/wp\/v2\/posts"}],"about":[{"href":"https:\/\/radiostargjilan.com\/web\/wp-json\/wp\/v2\/types\/post"}],"author":[{"embeddable":true,"href":"https:\/\/radiostargjilan.com\/web\/wp-json\/wp\/v2\/users\/1"}],"replies":[{"embeddable":true,"href":"https:\/\/radiostargjilan.com\/web\/wp-json\/wp\/v2\/comments?post=202084"}],"version-history":[{"count":0,"href":"https:\/\/radiostargjilan.com\/web\/wp-json\/wp\/v2\/posts\/202084\/revisions"}],"wp:featuredmedia":[{"embeddable":true,"href":"https:\/\/radiostargjilan.com\/web\/wp-json\/wp\/v2\/media\/202086"}],"wp:attachment":[{"href":"https:\/\/radiostargjilan.com\/web\/wp-json\/wp\/v2\/media?parent=202084"}],"wp:term":[{"taxonomy":"category","embeddable":true,"href":"https:\/\/radiostargjilan.com\/web\/wp-json\/wp\/v2\/categories?post=202084"},{"taxonomy":"post_tag","embeddable":true,"href":"https:\/\/radiostargjilan.com\/web\/wp-json\/wp\/v2\/tags?post=202084"}],"curies":[{"name":"wp","href":"https:\/\/api.w.org\/{rel}","templated":true}]}}