{"id":202701,"date":"2025-05-06T23:36:12","date_gmt":"2025-05-06T21:36:12","guid":{"rendered":"https:\/\/radiostargjilan.com\/web\/?p=202701"},"modified":"2025-05-06T23:36:12","modified_gmt":"2025-05-06T21:36:12","slug":"mirlind-daku-me-mesazh-prekes-forca-olti-jemi-me-ty-largoni-ato-fusha-i-tmerruat-lojtaret-e-familjaret","status":"publish","type":"post","link":"https:\/\/radiostargjilan.com\/web\/mirlind-daku-me-mesazh-prekes-forca-olti-jemi-me-ty-largoni-ato-fusha-i-tmerruat-lojtaret-e-familjaret\/","title":{"rendered":"Mirlind Daku me mesazh prek\u00ebs: Forca Olti, jemi me ty \u2013 largoni ato fusha, i tmerruat lojtar\u00ebt e familjar\u00ebt"},"content":{"rendered":"<p>Mirlind Daku ka reaguar pas lajmit p\u00ebr gjendjen e r\u00ebnduar sh\u00ebndet\u00ebsore t\u00eb Oltion Bilallit, duke i dh\u00ebn\u00eb mb\u00ebshtetje t\u00eb madhe publikisht.<\/p>\n<p>P\u00ebrmes nj\u00eb statusi n\u00eb Facebook, ai shkroi: \u201cForca Olti, jemi me ty. Largoni ato fusha se i tmerruat lojtar\u00ebt e familjar\u00ebt e tyne.\u201d<\/p>\n<p>Nj\u00eb mesazh q\u00eb shpreh jo vet\u00ebm shqet\u00ebsimin p\u00ebr sh\u00ebndetin e lojtarit, por edhe nj\u00eb thirrje t\u00eb fort\u00eb p\u00ebr institucionet q\u00eb menaxhojn\u00eb kushtet e fushave n\u00eb vend.<br \/>\n<a href=\"https:\/\/radiostargjilan.com\/web\/wp-content\/uploads\/2025\/05\/IMG_3587.jpeg\"><img loading=\"lazy\" loading=\"lazy\" decoding=\"async\" src=\"https:\/\/radiostargjilan.com\/web\/wp-content\/uploads\/2025\/05\/IMG_3587-706x1024.jpeg\" alt=\"\" width=\"706\" height=\"1024\" class=\"alignnone size-large wp-image-202702\" srcset=\"https:\/\/radiostargjilan.com\/web\/wp-content\/uploads\/2025\/05\/IMG_3587-706x1024.jpeg 706w, https:\/\/radiostargjilan.com\/web\/wp-content\/uploads\/2025\/05\/IMG_3587-207x300.jpeg 207w, https:\/\/radiostargjilan.com\/web\/wp-content\/uploads\/2025\/05\/IMG_3587-768x1114.jpeg 768w, https:\/\/radiostargjilan.com\/web\/wp-content\/uploads\/2025\/05\/IMG_3587-1059x1536.jpeg 1059w, https:\/\/radiostargjilan.com\/web\/wp-content\/uploads\/2025\/05\/IMG_3587-860x1248.jpeg 860w, https:\/\/radiostargjilan.com\/web\/wp-content\/uploads\/2025\/05\/IMG_3587.jpeg 1320w\" sizes=\"auto, (max-width: 706px) 100vw, 706px\" \/><\/a><\/p>\n","protected":false},"excerpt":{"rendered":"<p>Mirlind Daku ka reaguar pas lajmit p\u00ebr gjendjen e r\u00ebnduar sh\u00ebndet\u00ebsore t\u00eb Oltion Bilallit, duke i dh\u00ebn\u00eb mb\u00ebshtetje t\u00eb madhe publikisht. P\u00ebrmes nj\u00eb statusi n\u00eb Facebook, ai shkroi: \u201cForca Olti, jemi me ty. Largoni ato fusha se i tmerruat lojtar\u00ebt e familjar\u00ebt e tyne.\u201d Nj\u00eb mesazh q\u00eb shpreh jo vet\u00ebm shqet\u00ebsimin p\u00ebr sh\u00ebndetin e lojtarit, [&hellip;]<\/p>\n","protected":false},"author":1,"featured_media":202703,"comment_status":"closed","ping_status":"closed","sticky":false,"template":"","format":"standard","meta":{"footnotes":""},"categories":[7],"tags":[],"class_list":{"0":"post-202701","1":"post","2":"type-post","3":"status-publish","4":"format-standard","5":"has-post-thumbnail","7":"category-sports"},"_links":{"self":[{"href":"https:\/\/radiostargjilan.com\/web\/wp-json\/wp\/v2\/posts\/202701","targetHints":{"allow":["GET"]}}],"collection":[{"href":"https:\/\/radiostargjilan.com\/web\/wp-json\/wp\/v2\/posts"}],"about":[{"href":"https:\/\/radiostargjilan.com\/web\/wp-json\/wp\/v2\/types\/post"}],"author":[{"embeddable":true,"href":"https:\/\/radiostargjilan.com\/web\/wp-json\/wp\/v2\/users\/1"}],"replies":[{"embeddable":true,"href":"https:\/\/radiostargjilan.com\/web\/wp-json\/wp\/v2\/comments?post=202701"}],"version-history":[{"count":0,"href":"https:\/\/radiostargjilan.com\/web\/wp-json\/wp\/v2\/posts\/202701\/revisions"}],"wp:featuredmedia":[{"embeddable":true,"href":"https:\/\/radiostargjilan.com\/web\/wp-json\/wp\/v2\/media\/202703"}],"wp:attachment":[{"href":"https:\/\/radiostargjilan.com\/web\/wp-json\/wp\/v2\/media?parent=202701"}],"wp:term":[{"taxonomy":"category","embeddable":true,"href":"https:\/\/radiostargjilan.com\/web\/wp-json\/wp\/v2\/categories?post=202701"},{"taxonomy":"post_tag","embeddable":true,"href":"https:\/\/radiostargjilan.com\/web\/wp-json\/wp\/v2\/tags?post=202701"}],"curies":[{"name":"wp","href":"https:\/\/api.w.org\/{rel}","templated":true}]}}