{"id":20387,"date":"2018-06-26T08:36:42","date_gmt":"2018-06-26T08:36:42","guid":{"rendered":"http:\/\/radiostargjilan.com\/web\/?p=20387"},"modified":"2018-06-26T08:36:42","modified_gmt":"2018-06-26T08:36:42","slug":"shaqiri-perkrah-driten","status":"publish","type":"post","link":"https:\/\/radiostargjilan.com\/web\/shaqiri-perkrah-driten\/","title":{"rendered":"Shaqiri p\u00ebrkrah Drit\u00ebn"},"content":{"rendered":"<p>Ylli i Stoke Cityt dhe Zvicr\u00ebs, Xherdan Shaqiri, \u00ebsht\u00eb p\u00ebrkrah\u00ebs i Drit\u00ebs n\u00eb Superlig\u00ebn e Kosov\u00ebs.<\/p>\n<p>Shaqiri, me prejardhje nga Zhegra, ka postuar sot nj\u00eb fotografi n\u00eb Instagram n\u00eb t\u00eb cil\u00ebn ka treguar p\u00ebrkrahje p\u00ebr Drit\u00ebn, n\u00eb ndeshjen ndaj Santa Coloma, t\u00eb cil\u00ebn Drita e zhvillon loj\u00ebn e par\u00eb n\u00eb Champion League.<\/p>\n<p>\u201cShum\u00eb suksese djema, ju p\u00ebrsh\u00ebndes nga Russia\u201d, ka shkruar ai n\u00eb k\u00ebt\u00eb fotografi.<br \/>\n<a href=\"http:\/\/radiostargjilan.com\/web\/2018\/06\/26\/shaqiri-perkrah-driten\/7561c321-4ccf-47b5-b159-a0deaf495206\/\" rel=\"attachment wp-att-20388\"><img loading=\"lazy\" loading=\"lazy\" decoding=\"async\" src=\"http:\/\/radiostargjilan.com\/web\/wp-content\/uploads\/2018\/06\/7561C321-4CCF-47B5-B159-A0DEAF495206.jpeg\" alt=\"\" width=\"1242\" height=\"1261\" class=\"aligncenter size-full wp-image-20388\" srcset=\"https:\/\/radiostargjilan.com\/web\/wp-content\/uploads\/2018\/06\/7561C321-4CCF-47B5-B159-A0DEAF495206.jpeg 1242w, https:\/\/radiostargjilan.com\/web\/wp-content\/uploads\/2018\/06\/7561C321-4CCF-47B5-B159-A0DEAF495206-600x609.jpeg 600w, https:\/\/radiostargjilan.com\/web\/wp-content\/uploads\/2018\/06\/7561C321-4CCF-47B5-B159-A0DEAF495206-295x300.jpeg 295w, https:\/\/radiostargjilan.com\/web\/wp-content\/uploads\/2018\/06\/7561C321-4CCF-47B5-B159-A0DEAF495206-768x780.jpeg 768w, https:\/\/radiostargjilan.com\/web\/wp-content\/uploads\/2018\/06\/7561C321-4CCF-47B5-B159-A0DEAF495206-1009x1024.jpeg 1009w, https:\/\/radiostargjilan.com\/web\/wp-content\/uploads\/2018\/06\/7561C321-4CCF-47B5-B159-A0DEAF495206-75x75.jpeg 75w\" sizes=\"auto, (max-width: 1242px) 100vw, 1242px\" \/><\/a><\/p>\n","protected":false},"excerpt":{"rendered":"<p>Ylli i Stoke Cityt dhe Zvicr\u00ebs, Xherdan Shaqiri, \u00ebsht\u00eb p\u00ebrkrah\u00ebs i Drit\u00ebs n\u00eb Superlig\u00ebn e Kosov\u00ebs. Shaqiri, me prejardhje nga Zhegra, ka postuar sot nj\u00eb fotografi n\u00eb Instagram n\u00eb t\u00eb cil\u00ebn ka treguar p\u00ebrkrahje p\u00ebr Drit\u00ebn, n\u00eb ndeshjen ndaj Santa Coloma, t\u00eb cil\u00ebn Drita e zhvillon loj\u00ebn e par\u00eb n\u00eb Champion League. \u201cShum\u00eb suksese djema, [&hellip;]<\/p>\n","protected":false},"author":1,"featured_media":20389,"comment_status":"closed","ping_status":"closed","sticky":false,"template":"","format":"standard","meta":{"footnotes":""},"categories":[5],"tags":[],"class_list":{"0":"post-20387","1":"post","2":"type-post","3":"status-publish","4":"format-standard","5":"has-post-thumbnail","7":"category-lajme"},"_links":{"self":[{"href":"https:\/\/radiostargjilan.com\/web\/wp-json\/wp\/v2\/posts\/20387","targetHints":{"allow":["GET"]}}],"collection":[{"href":"https:\/\/radiostargjilan.com\/web\/wp-json\/wp\/v2\/posts"}],"about":[{"href":"https:\/\/radiostargjilan.com\/web\/wp-json\/wp\/v2\/types\/post"}],"author":[{"embeddable":true,"href":"https:\/\/radiostargjilan.com\/web\/wp-json\/wp\/v2\/users\/1"}],"replies":[{"embeddable":true,"href":"https:\/\/radiostargjilan.com\/web\/wp-json\/wp\/v2\/comments?post=20387"}],"version-history":[{"count":0,"href":"https:\/\/radiostargjilan.com\/web\/wp-json\/wp\/v2\/posts\/20387\/revisions"}],"wp:featuredmedia":[{"embeddable":true,"href":"https:\/\/radiostargjilan.com\/web\/wp-json\/wp\/v2\/media\/20389"}],"wp:attachment":[{"href":"https:\/\/radiostargjilan.com\/web\/wp-json\/wp\/v2\/media?parent=20387"}],"wp:term":[{"taxonomy":"category","embeddable":true,"href":"https:\/\/radiostargjilan.com\/web\/wp-json\/wp\/v2\/categories?post=20387"},{"taxonomy":"post_tag","embeddable":true,"href":"https:\/\/radiostargjilan.com\/web\/wp-json\/wp\/v2\/tags?post=20387"}],"curies":[{"name":"wp","href":"https:\/\/api.w.org\/{rel}","templated":true}]}}