{"id":20531,"date":"2018-06-27T10:57:54","date_gmt":"2018-06-27T10:57:54","guid":{"rendered":"http:\/\/radiostargjilan.com\/web\/?p=20531"},"modified":"2018-06-27T10:57:54","modified_gmt":"2018-06-27T10:57:54","slug":"linja-e-shtuar-e-autobuseve-perplas-dy-familje-ne-zheger","status":"publish","type":"post","link":"https:\/\/radiostargjilan.com\/web\/linja-e-shtuar-e-autobuseve-perplas-dy-familje-ne-zheger\/","title":{"rendered":"Linja e shtuar e autobus\u00ebve p\u00ebrplas dy familje n\u00eb Zheg\u00ebr"},"content":{"rendered":"<p>Pronar\u00eb t\u00eb kompanis\u00eb s\u00eb autobus\u00ebve \u201cDritoni\u201d po pretendojn\u00eb se u \u00ebsht\u00eb b\u00ebr\u00eb e padrejt\u00eb shtimi edhe i nj\u00eb linje t\u00eb re t\u00eb autobus\u00ebve p\u00ebr n\u00eb fshatin Zheg\u00ebr t\u00eb Gjilanit, raporton KTV.<br \/>\nAta thon\u00eb q\u00eb ua ka v\u00ebshtir\u00ebsuar pun\u00ebn, meq\u00eb 6 v\u00ebllez\u00ebr t\u00eb k\u00ebsaj familjeje mbajn\u00eb familjet e tyre me k\u00ebt\u00eb kompani. Thot\u00eb se n\u00eb muajin mars komuna ka marr\u00eb vendim q\u00eb deri m\u00eb 2021 t\u00eb mos nd\u00ebrrohen m\u00eb oraret e linjave por, sipas tij, nuk e ka respektuar k\u00ebt\u00eb vendim.<br \/>\nE drejtori i Sh\u00ebrbimeve Publike n\u00eb k\u00ebt\u00eb komun\u00eb thot\u00eb q\u00eb para nj\u00eb kohe, kompanis\u00eb \u201cDritoni\u201d i \u00ebsht\u00eb shtuar edhe nj\u00eb linj\u00eb, andaj \u00ebsht\u00eb normale q\u00eb edhe konkurrent\u00ebt t\u00eb k\u00ebrkojn\u00eb nj\u00eb gj\u00eb t\u00eb till\u00eb.<br \/>\nNdryshe, dit\u00eb m\u00eb par\u00eb, drejtues t\u00eb kompanis\u00eb \u201cDritoni\u201d kan\u00eb sulmuar fizikisht Kor\u00e7\u00ebn meq\u00eb nuk ishin pajtuar p\u00ebr shtimin e k\u00ebsaj linje.<\/p>\n<p><iframe loading=\"lazy\" width=\"560px\" height=\"315px\" src=\"\/\/video.gjirafa.com\/koha?embed=autobusatzheger\" frameborder=\"0\" allowfullscreen><\/iframe><\/p>\n","protected":false},"excerpt":{"rendered":"<p>Pronar\u00eb t\u00eb kompanis\u00eb s\u00eb autobus\u00ebve \u201cDritoni\u201d po pretendojn\u00eb se u \u00ebsht\u00eb b\u00ebr\u00eb e padrejt\u00eb shtimi edhe i nj\u00eb linje t\u00eb re t\u00eb autobus\u00ebve p\u00ebr n\u00eb fshatin Zheg\u00ebr t\u00eb Gjilanit, raporton KTV. Ata thon\u00eb q\u00eb ua ka v\u00ebshtir\u00ebsuar pun\u00ebn, meq\u00eb 6 v\u00ebllez\u00ebr t\u00eb k\u00ebsaj familjeje mbajn\u00eb familjet e tyre me k\u00ebt\u00eb kompani. Thot\u00eb se n\u00eb muajin [&hellip;]<\/p>\n","protected":false},"author":1,"featured_media":20532,"comment_status":"closed","ping_status":"closed","sticky":false,"template":"","format":"standard","meta":{"footnotes":""},"categories":[5],"tags":[],"class_list":{"0":"post-20531","1":"post","2":"type-post","3":"status-publish","4":"format-standard","5":"has-post-thumbnail","7":"category-lajme"},"_links":{"self":[{"href":"https:\/\/radiostargjilan.com\/web\/wp-json\/wp\/v2\/posts\/20531","targetHints":{"allow":["GET"]}}],"collection":[{"href":"https:\/\/radiostargjilan.com\/web\/wp-json\/wp\/v2\/posts"}],"about":[{"href":"https:\/\/radiostargjilan.com\/web\/wp-json\/wp\/v2\/types\/post"}],"author":[{"embeddable":true,"href":"https:\/\/radiostargjilan.com\/web\/wp-json\/wp\/v2\/users\/1"}],"replies":[{"embeddable":true,"href":"https:\/\/radiostargjilan.com\/web\/wp-json\/wp\/v2\/comments?post=20531"}],"version-history":[{"count":0,"href":"https:\/\/radiostargjilan.com\/web\/wp-json\/wp\/v2\/posts\/20531\/revisions"}],"wp:featuredmedia":[{"embeddable":true,"href":"https:\/\/radiostargjilan.com\/web\/wp-json\/wp\/v2\/media\/20532"}],"wp:attachment":[{"href":"https:\/\/radiostargjilan.com\/web\/wp-json\/wp\/v2\/media?parent=20531"}],"wp:term":[{"taxonomy":"category","embeddable":true,"href":"https:\/\/radiostargjilan.com\/web\/wp-json\/wp\/v2\/categories?post=20531"},{"taxonomy":"post_tag","embeddable":true,"href":"https:\/\/radiostargjilan.com\/web\/wp-json\/wp\/v2\/tags?post=20531"}],"curies":[{"name":"wp","href":"https:\/\/api.w.org\/{rel}","templated":true}]}}