{"id":205430,"date":"2025-06-09T07:05:42","date_gmt":"2025-06-09T05:05:42","guid":{"rendered":"https:\/\/radiostargjilan.com\/web\/?p=205430"},"modified":"2025-06-09T07:05:42","modified_gmt":"2025-06-09T05:05:42","slug":"tentativa-e-29-te-per-konstituimin-e-kuvendit","status":"publish","type":"post","link":"https:\/\/radiostargjilan.com\/web\/tentativa-e-29-te-per-konstituimin-e-kuvendit\/","title":{"rendered":"Tentativa e 29-t\u00eb p\u00ebr konstituimin e Kuvendit"},"content":{"rendered":"<p>Deputet\u00ebt e zgjedhur do t\u00eb mblidhen s\u00ebrish sot me fillim nga ora 11:00 n\u00eb Kuvendin e Kosov\u00ebs n\u00eb p\u00ebrpjekjen e 29-t\u00eb p\u00ebr konstituimin e Legjislatur\u00ebs s\u00eb n\u00ebnt\u00eb.<\/p>\n<p>Ndryshe t\u00eb shtun\u00ebn kryesuesi Avni Dehari ftoi edhe nj\u00ebher\u00eb subjektet politike parlamentare q\u00eb nuk i kan\u00eb propozuar deputet\u00ebt p\u00ebr an\u00ebtar\u00eb t\u00eb komisionit zgjedhor p\u00ebr zgjedhjen e kryetarit t\u00eb Kuvendit, me votim t\u00eb fsheht\u00eb, q\u00eb ta b\u00ebjn\u00eb k\u00ebt\u00eb, por s\u00ebrish nuk pati propozime p\u00ebr an\u00ebtar\u00eb t\u00eb k\u00ebtij komisioni.<\/p>\n<p>P\u00ebr p\u00ebrb\u00ebrjen e komisionit, me an\u00ebtar\u00ebt e propozuar n\u00eb vazhdimet e kaluara t\u00eb seanc\u00ebs, votuan 48 deputet\u00eb, nd\u00ebrsa kund\u00ebr dhe abstenime nuk pati.<\/p>\n","protected":false},"excerpt":{"rendered":"<p>Deputet\u00ebt e zgjedhur do t\u00eb mblidhen s\u00ebrish sot me fillim nga ora 11:00 n\u00eb Kuvendin e Kosov\u00ebs n\u00eb p\u00ebrpjekjen e 29-t\u00eb p\u00ebr konstituimin e Legjislatur\u00ebs s\u00eb n\u00ebnt\u00eb. Ndryshe t\u00eb shtun\u00ebn kryesuesi Avni Dehari ftoi edhe nj\u00ebher\u00eb subjektet politike parlamentare q\u00eb nuk i kan\u00eb propozuar deputet\u00ebt p\u00ebr an\u00ebtar\u00eb t\u00eb komisionit zgjedhor p\u00ebr zgjedhjen e kryetarit t\u00eb [&hellip;]<\/p>\n","protected":false},"author":1,"featured_media":205308,"comment_status":"closed","ping_status":"closed","sticky":false,"template":"","format":"standard","meta":{"footnotes":""},"categories":[5],"tags":[],"class_list":{"0":"post-205430","1":"post","2":"type-post","3":"status-publish","4":"format-standard","5":"has-post-thumbnail","7":"category-lajme"},"_links":{"self":[{"href":"https:\/\/radiostargjilan.com\/web\/wp-json\/wp\/v2\/posts\/205430","targetHints":{"allow":["GET"]}}],"collection":[{"href":"https:\/\/radiostargjilan.com\/web\/wp-json\/wp\/v2\/posts"}],"about":[{"href":"https:\/\/radiostargjilan.com\/web\/wp-json\/wp\/v2\/types\/post"}],"author":[{"embeddable":true,"href":"https:\/\/radiostargjilan.com\/web\/wp-json\/wp\/v2\/users\/1"}],"replies":[{"embeddable":true,"href":"https:\/\/radiostargjilan.com\/web\/wp-json\/wp\/v2\/comments?post=205430"}],"version-history":[{"count":0,"href":"https:\/\/radiostargjilan.com\/web\/wp-json\/wp\/v2\/posts\/205430\/revisions"}],"wp:featuredmedia":[{"embeddable":true,"href":"https:\/\/radiostargjilan.com\/web\/wp-json\/wp\/v2\/media\/205308"}],"wp:attachment":[{"href":"https:\/\/radiostargjilan.com\/web\/wp-json\/wp\/v2\/media?parent=205430"}],"wp:term":[{"taxonomy":"category","embeddable":true,"href":"https:\/\/radiostargjilan.com\/web\/wp-json\/wp\/v2\/categories?post=205430"},{"taxonomy":"post_tag","embeddable":true,"href":"https:\/\/radiostargjilan.com\/web\/wp-json\/wp\/v2\/tags?post=205430"}],"curies":[{"name":"wp","href":"https:\/\/api.w.org\/{rel}","templated":true}]}}