{"id":20744,"date":"2018-06-28T14:50:36","date_gmt":"2018-06-28T14:50:36","guid":{"rendered":"http:\/\/radiostargjilan.com\/web\/?p=20744"},"modified":"2018-06-28T14:50:36","modified_gmt":"2018-06-28T14:50:36","slug":"policia-e-shqiperise-dhe-e-kosoves-patrullime-te-perbashketa-gjate-veres","status":"publish","type":"post","link":"https:\/\/radiostargjilan.com\/web\/policia-e-shqiperise-dhe-e-kosoves-patrullime-te-perbashketa-gjate-veres\/","title":{"rendered":"Policia e Shqip\u00ebris\u00eb dhe e Kosov\u00ebs, patrullime t\u00eb p\u00ebrbashk\u00ebta gjat\u00eb ver\u00ebs"},"content":{"rendered":"<p>Nj\u00eb marr\u00ebveshje bashk\u00ebpunimi mes Policis\u00eb s\u00eb Shtetit dhe Policis\u00eb s\u00eb Kosov\u00ebs \u00ebsht\u00eb n\u00ebnshkruar nga dy drejtor\u00ebt e t\u00eb dy policive, Ardi Veliut dhe Naim Rexh\u00ebs.<\/p>\n<p>Memorandumi i bashk\u00ebpunimit, p\u00ebr organizimin e sh\u00ebrbimeve t\u00eb p\u00ebrbashk\u00ebta t\u00eb policimit rrugor n\u00eb territorin e Shqip\u00ebris\u00eb \u00ebsht\u00eb n\u00ebnshkruar p\u00ebr sezonin veror\u00eb turistike.<\/p>\n<p>Q\u00ebllimi i k\u00ebsaj marr\u00ebveshje \u00ebsht\u00eb vendosja e bashk\u00ebpunimit konkret p\u00ebr parandalimin e shkeljeve administrative n\u00eb fush\u00ebn e trafikut rrugor, uljen e numrit t\u00eb ngjarjeve rrugore dhe zbatimin me rigorozitet t\u00eb legjislacionit rrugor p\u00ebr krijimin e nj\u00eb mjedisi m\u00eb t\u00eb sigurt p\u00ebr t\u00eb gjith\u00eb qytetar\u00ebt dhe p\u00ebrdoruesit e rrug\u00ebs, q\u00eb qarkullojn\u00eb n\u00eb akset rrugore, q\u00eb lidhin dy vendet.<\/p>\n<p>Drejtori i Policis\u00eb s\u00eb Shtetit, Ardi Veliu, pas n\u00ebnshkrimit tha se sh\u00ebrbimi nga ana e PK-s\u00eb, do t\u00eb jet\u00eb i pranish\u00ebm p\u00ebr sigurimin e akseve rrugore dhe disa zona turistike t\u00eb cilat frekuentohen m\u00eb shum\u00eb nga turist\u00ebt kosovar.<\/p>\n<p>\u201cKjo \u00ebsht\u00eb nj\u00eb p\u00ebrvoj\u00eb, e cila tashm\u00eb ka disa vite dhe \u00ebsht\u00eb nj\u00eb p\u00ebrvoj\u00eb shum\u00eb e mir\u00eb n\u00eb drejtim t\u00eb shk\u00ebmbimit qoft\u00eb t\u00eb eksperiencave, por nj\u00ebkoh\u00ebsisht edhe t\u00eb parandalimit t\u00eb aksidenteve dhe rritjen e parametrave t\u00eb siguris\u00eb rrugore n\u00eb Shqip\u00ebri\u201d, tha drejtori Veliu.<\/p>\n<p>Ushtruesi i Detyr\u00ebs s\u00eb Drejtorit n\u00eb Policin\u00eb e Kosov\u00ebs, Naim Rexha tha se do t\u00eb ofrohen sh\u00ebrbime t\u00eb siguris\u00eb n\u00eb trafikun rrugor.<\/p>\n<p>\u201cMe k\u00ebt\u00eb rast d\u00ebshiroj t\u00eb potencoj q\u00eb q\u00ebllimin e kahersh\u00ebm, t\u00eb nj\u00ebjt\u00eb me angazhimet tona t\u00eb p\u00ebrbashk\u00ebta, po e begatoj me modalitete t\u00eb reja t\u00eb ofrimit t\u00eb sh\u00ebrbimeve t\u00eb siguris\u00eb n\u00eb trafikun rrugor, dhe jo vet\u00ebm n\u00eb trafikun rrugor, si hallk\u00eb e re shtes\u00eb t\u00eb zinxhirit t\u00eb gjat\u00eb t\u00eb bashk\u00ebpunimit ton\u00eb t\u00eb p\u00ebrbashk\u00ebt me nj\u00eb model shtes\u00eb jasht\u00ebzakonisht t\u00eb r\u00ebnd\u00ebsish\u00ebm t\u00eb zvog\u00eblimit t\u00eb fataliteteve gjat\u00eb qarkullimit n\u00eb rrug\u00ebt publike si pasoj\u00eb e aksidenteve t\u00eb trafikut dhe ofrimit sa m\u00eb t\u00eb mir\u00eb t\u00eb sh\u00ebrbimeve t\u00eb trafikut t\u00eb dy policive respektive, brenda afatave kohore me fokus t\u00eb ve\u00e7ant\u00eb n\u00eb mbulimin e t\u00ebr\u00eb sezonit veror\u201d.<\/p>\n","protected":false},"excerpt":{"rendered":"<p>Nj\u00eb marr\u00ebveshje bashk\u00ebpunimi mes Policis\u00eb s\u00eb Shtetit dhe Policis\u00eb s\u00eb Kosov\u00ebs \u00ebsht\u00eb n\u00ebnshkruar nga dy drejtor\u00ebt e t\u00eb dy policive, Ardi Veliut dhe Naim Rexh\u00ebs. Memorandumi i bashk\u00ebpunimit, p\u00ebr organizimin e sh\u00ebrbimeve t\u00eb p\u00ebrbashk\u00ebta t\u00eb policimit rrugor n\u00eb territorin e Shqip\u00ebris\u00eb \u00ebsht\u00eb n\u00ebnshkruar p\u00ebr sezonin veror\u00eb turistike. Q\u00ebllimi i k\u00ebsaj marr\u00ebveshje \u00ebsht\u00eb vendosja e bashk\u00ebpunimit [&hellip;]<\/p>\n","protected":false},"author":1,"featured_media":20597,"comment_status":"closed","ping_status":"closed","sticky":false,"template":"","format":"standard","meta":{"footnotes":""},"categories":[5],"tags":[],"class_list":{"0":"post-20744","1":"post","2":"type-post","3":"status-publish","4":"format-standard","5":"has-post-thumbnail","7":"category-lajme"},"_links":{"self":[{"href":"https:\/\/radiostargjilan.com\/web\/wp-json\/wp\/v2\/posts\/20744","targetHints":{"allow":["GET"]}}],"collection":[{"href":"https:\/\/radiostargjilan.com\/web\/wp-json\/wp\/v2\/posts"}],"about":[{"href":"https:\/\/radiostargjilan.com\/web\/wp-json\/wp\/v2\/types\/post"}],"author":[{"embeddable":true,"href":"https:\/\/radiostargjilan.com\/web\/wp-json\/wp\/v2\/users\/1"}],"replies":[{"embeddable":true,"href":"https:\/\/radiostargjilan.com\/web\/wp-json\/wp\/v2\/comments?post=20744"}],"version-history":[{"count":0,"href":"https:\/\/radiostargjilan.com\/web\/wp-json\/wp\/v2\/posts\/20744\/revisions"}],"wp:featuredmedia":[{"embeddable":true,"href":"https:\/\/radiostargjilan.com\/web\/wp-json\/wp\/v2\/media\/20597"}],"wp:attachment":[{"href":"https:\/\/radiostargjilan.com\/web\/wp-json\/wp\/v2\/media?parent=20744"}],"wp:term":[{"taxonomy":"category","embeddable":true,"href":"https:\/\/radiostargjilan.com\/web\/wp-json\/wp\/v2\/categories?post=20744"},{"taxonomy":"post_tag","embeddable":true,"href":"https:\/\/radiostargjilan.com\/web\/wp-json\/wp\/v2\/tags?post=20744"}],"curies":[{"name":"wp","href":"https:\/\/api.w.org\/{rel}","templated":true}]}}