{"id":210805,"date":"2025-08-08T22:27:56","date_gmt":"2025-08-08T20:27:56","guid":{"rendered":"https:\/\/radiostargjilan.com\/web\/?p=210805"},"modified":"2025-08-08T22:27:56","modified_gmt":"2025-08-08T20:27:56","slug":"kadeti-i-fsk-se-diplomon-ne-akademine-mbreterore-ushtarake-sandhurst","status":"publish","type":"post","link":"https:\/\/radiostargjilan.com\/web\/kadeti-i-fsk-se-diplomon-ne-akademine-mbreterore-ushtarake-sandhurst\/","title":{"rendered":"Kadeti i FSK-s\u00eb diplomon n\u00eb Akademin\u00eb Mbret\u00ebrore Ushtarake Sandhurst"},"content":{"rendered":"<p>Oficer Kadeti i Forcave t\u00eb Siguris\u00eb s\u00eb Kosov\u00ebs, Fatlind Imeraj, ka p\u00ebrfunduar me sukses shkollimin nj\u00ebvje\u00e7ar n\u00eb Akademin\u00eb Mbret\u00ebrore Ushtarake Sandhurst n\u00eb Mbret\u00ebrin\u00eb e Bashkuar. Ceremonia e diplomimit u drejtua nga General Sir James Hockenhull, n\u00eb em\u00ebr t\u00eb SH.T. Mbretit Charles III.<\/p>\n<p>Akademia Sandhurst \u00ebsht\u00eb nj\u00eb institucion prestigjioz ushtarak q\u00eb p\u00ebrgatit oficer\u00ebt p\u00ebr t\u00eb sh\u00ebrbyer n\u00eb pozita t\u00eb ndryshme n\u00eb forcat e armatosura, duke mbuluar fusha si parimet baz\u00eb t\u00eb ushtris\u00eb, udh\u00ebheqjen, taktikat dhe operacionet ushtarake.<\/p>\n<p>Fatlind Imeraj \u00ebsht\u00eb kadeti i 32-t\u00eb nga FSK q\u00eb e p\u00ebrfundon k\u00ebt\u00eb shkollim t\u00eb avancuar.<\/p>\n<p>N\u00eb ceremonin\u00eb e diplomimit nga Forcat e Siguris\u00eb s\u00eb Kosov\u00ebs mor\u00ebn pjes\u00eb edhe Kolonel Ahmet Ajeti, Kolonel Ali Krasniqi, Atasheu i FSK-s\u00eb n\u00eb Mbret\u00ebrin\u00eb e Bashkuar, Kolonel Agron Bajrami, si dhe p\u00ebrfaq\u00ebsues nga Ambasada e Republik\u00ebs s\u00eb Kosov\u00ebs, Znj. Arta Qehaja dhe Z. Ilir Bytyqi.<\/p>\n<p>Forcat e Siguris\u00eb s\u00eb Kosov\u00ebs fal\u00ebnderojn\u00eb Mbret\u00ebrin\u00eb e Bashkuar p\u00ebr mb\u00ebshtetjen e vazhdueshme n\u00eb zhvillimin dhe edukimin e oficer\u00ebve t\u00eb Kosov\u00ebs, si\u00e7 \u00ebsht\u00eb theksuar n\u00eb njoftimin zyrtar.<\/p>\n","protected":false},"excerpt":{"rendered":"<p>Oficer Kadeti i Forcave t\u00eb Siguris\u00eb s\u00eb Kosov\u00ebs, Fatlind Imeraj, ka p\u00ebrfunduar me sukses shkollimin nj\u00ebvje\u00e7ar n\u00eb Akademin\u00eb Mbret\u00ebrore Ushtarake Sandhurst n\u00eb Mbret\u00ebrin\u00eb e Bashkuar. Ceremonia e diplomimit u drejtua nga General Sir James Hockenhull, n\u00eb em\u00ebr t\u00eb SH.T. Mbretit Charles III. Akademia Sandhurst \u00ebsht\u00eb nj\u00eb institucion prestigjioz ushtarak q\u00eb p\u00ebrgatit oficer\u00ebt p\u00ebr t\u00eb sh\u00ebrbyer [&hellip;]<\/p>\n","protected":false},"author":1,"featured_media":210806,"comment_status":"closed","ping_status":"closed","sticky":false,"template":"","format":"standard","meta":{"footnotes":""},"categories":[5],"tags":[],"class_list":{"0":"post-210805","1":"post","2":"type-post","3":"status-publish","4":"format-standard","5":"has-post-thumbnail","7":"category-lajme"},"_links":{"self":[{"href":"https:\/\/radiostargjilan.com\/web\/wp-json\/wp\/v2\/posts\/210805","targetHints":{"allow":["GET"]}}],"collection":[{"href":"https:\/\/radiostargjilan.com\/web\/wp-json\/wp\/v2\/posts"}],"about":[{"href":"https:\/\/radiostargjilan.com\/web\/wp-json\/wp\/v2\/types\/post"}],"author":[{"embeddable":true,"href":"https:\/\/radiostargjilan.com\/web\/wp-json\/wp\/v2\/users\/1"}],"replies":[{"embeddable":true,"href":"https:\/\/radiostargjilan.com\/web\/wp-json\/wp\/v2\/comments?post=210805"}],"version-history":[{"count":1,"href":"https:\/\/radiostargjilan.com\/web\/wp-json\/wp\/v2\/posts\/210805\/revisions"}],"predecessor-version":[{"id":210807,"href":"https:\/\/radiostargjilan.com\/web\/wp-json\/wp\/v2\/posts\/210805\/revisions\/210807"}],"wp:featuredmedia":[{"embeddable":true,"href":"https:\/\/radiostargjilan.com\/web\/wp-json\/wp\/v2\/media\/210806"}],"wp:attachment":[{"href":"https:\/\/radiostargjilan.com\/web\/wp-json\/wp\/v2\/media?parent=210805"}],"wp:term":[{"taxonomy":"category","embeddable":true,"href":"https:\/\/radiostargjilan.com\/web\/wp-json\/wp\/v2\/categories?post=210805"},{"taxonomy":"post_tag","embeddable":true,"href":"https:\/\/radiostargjilan.com\/web\/wp-json\/wp\/v2\/tags?post=210805"}],"curies":[{"name":"wp","href":"https:\/\/api.w.org\/{rel}","templated":true}]}}