{"id":210862,"date":"2025-08-09T19:32:08","date_gmt":"2025-08-09T17:32:08","guid":{"rendered":"https:\/\/radiostargjilan.com\/web\/?p=210862"},"modified":"2025-08-09T19:32:08","modified_gmt":"2025-08-09T17:32:08","slug":"pritjet-per-te-hyre-ne-kosove-zgjasin-rreth-30-minuta-per-te-dale-deri-ne-nje-ore","status":"publish","type":"post","link":"https:\/\/radiostargjilan.com\/web\/pritjet-per-te-hyre-ne-kosove-zgjasin-rreth-30-minuta-per-te-dale-deri-ne-nje-ore\/","title":{"rendered":"Pritjet p\u00ebr t\u00eb hyr\u00eb n\u00eb Kosov\u00eb zgjasin rreth 30 minuta, p\u00ebr t\u00eb dal\u00eb deri n\u00eb nj\u00eb or\u00eb"},"content":{"rendered":"<p>Nga p\u00ebrdit\u00ebsimi i t\u00eb dh\u00ebnave t\u00eb Qendr\u00ebs p\u00ebr Menaxhimin e Kufijve, aktualisht pritjet p\u00ebr t\u00eb hyr\u00eb n\u00eb Kosov\u00eb jan\u00eb deri n\u00eb 30 minuta.<\/p>\n<p>Por, pritjet jan\u00eb m\u00eb t\u00eb gjata p\u00ebr ata q\u00eb dalin nga Kosova. N\u00eb pik\u00ebn kufitare n\u00eb Hanin e Elezit, p\u00ebr t\u00eb dal\u00eb nga Kosova, qytetar\u00ebt duhet t\u00eb presin deri n\u00eb nj\u00eb or\u00eb, po aq edhe te Dheu i Bardh\u00eb.<\/p>\n<p>N\u00eb pikat tjera kufitare, pritjet jan\u00eb t\u00eb shkurta, maksimumi 15 minuta.<\/p>\n","protected":false},"excerpt":{"rendered":"<p>Nga p\u00ebrdit\u00ebsimi i t\u00eb dh\u00ebnave t\u00eb Qendr\u00ebs p\u00ebr Menaxhimin e Kufijve, aktualisht pritjet p\u00ebr t\u00eb hyr\u00eb n\u00eb Kosov\u00eb jan\u00eb deri n\u00eb 30 minuta. Por, pritjet jan\u00eb m\u00eb t\u00eb gjata p\u00ebr ata q\u00eb dalin nga Kosova. N\u00eb pik\u00ebn kufitare n\u00eb Hanin e Elezit, p\u00ebr t\u00eb dal\u00eb nga Kosova, qytetar\u00ebt duhet t\u00eb presin deri n\u00eb nj\u00eb or\u00eb, [&hellip;]<\/p>\n","protected":false},"author":1,"featured_media":210676,"comment_status":"closed","ping_status":"closed","sticky":false,"template":"","format":"standard","meta":{"footnotes":""},"categories":[5],"tags":[],"class_list":{"0":"post-210862","1":"post","2":"type-post","3":"status-publish","4":"format-standard","5":"has-post-thumbnail","7":"category-lajme"},"_links":{"self":[{"href":"https:\/\/radiostargjilan.com\/web\/wp-json\/wp\/v2\/posts\/210862","targetHints":{"allow":["GET"]}}],"collection":[{"href":"https:\/\/radiostargjilan.com\/web\/wp-json\/wp\/v2\/posts"}],"about":[{"href":"https:\/\/radiostargjilan.com\/web\/wp-json\/wp\/v2\/types\/post"}],"author":[{"embeddable":true,"href":"https:\/\/radiostargjilan.com\/web\/wp-json\/wp\/v2\/users\/1"}],"replies":[{"embeddable":true,"href":"https:\/\/radiostargjilan.com\/web\/wp-json\/wp\/v2\/comments?post=210862"}],"version-history":[{"count":1,"href":"https:\/\/radiostargjilan.com\/web\/wp-json\/wp\/v2\/posts\/210862\/revisions"}],"predecessor-version":[{"id":210863,"href":"https:\/\/radiostargjilan.com\/web\/wp-json\/wp\/v2\/posts\/210862\/revisions\/210863"}],"wp:featuredmedia":[{"embeddable":true,"href":"https:\/\/radiostargjilan.com\/web\/wp-json\/wp\/v2\/media\/210676"}],"wp:attachment":[{"href":"https:\/\/radiostargjilan.com\/web\/wp-json\/wp\/v2\/media?parent=210862"}],"wp:term":[{"taxonomy":"category","embeddable":true,"href":"https:\/\/radiostargjilan.com\/web\/wp-json\/wp\/v2\/categories?post=210862"},{"taxonomy":"post_tag","embeddable":true,"href":"https:\/\/radiostargjilan.com\/web\/wp-json\/wp\/v2\/tags?post=210862"}],"curies":[{"name":"wp","href":"https:\/\/api.w.org\/{rel}","templated":true}]}}