{"id":211939,"date":"2025-08-22T08:43:29","date_gmt":"2025-08-22T06:43:29","guid":{"rendered":"https:\/\/radiostargjilan.com\/web\/?p=211939"},"modified":"2025-08-22T08:43:29","modified_gmt":"2025-08-22T06:43:29","slug":"vazhdon-seanca-konstituive-e-kuvendit-pa-marreveshje-politike","status":"publish","type":"post","link":"https:\/\/radiostargjilan.com\/web\/vazhdon-seanca-konstituive-e-kuvendit-pa-marreveshje-politike\/","title":{"rendered":"Vazhdon seanca konstituive e Kuvendit, pa marr\u00ebveshje politike"},"content":{"rendered":"<p>Kuvendi i Kosov\u00ebs do t\u00eb mblidhet s\u00ebrish sot, n\u00eb or\u00ebn 11:00, p\u00ebr t\u00eb vazhduar seanc\u00ebn konstituive, n\u00eb p\u00ebrpjekje p\u00ebr t\u00eb zgjedhur kryetarin e ri.<\/p>\n<p>Vazhdimi i k\u00ebsaj seance vjen pas d\u00ebshtimit p\u00ebr t\u00eb zgjedhur kryeparlamentarin t\u00eb m\u00ebrkur\u00ebn, ku L\u00ebvizja Vet\u00ebvendosje, si partia me m\u00eb s\u00eb shumti deputet\u00eb, propozoi fillimisht Albulena Haxhiun, e m\u00eb pas Donika G\u00ebrvall\u00ebn p\u00ebr kryetare t\u00eb Kuvendit, por asnj\u00ebra prej tyre nuk arriti t\u00eb siguroj\u00eb shumic\u00ebn e nevojshme t\u00eb votave p\u00ebr t\u2019u zgjedhur.<\/p>\n<p>T\u00eb m\u00ebrkur\u00ebn n\u00eb em\u00ebr t\u00eb LVV-s\u00eb, Glauk Konjufca propozoi fillimisht Albulena Haxhiun p\u00ebr kryeparlamentare. N\u00eb votimin e hapur, 57 deputet\u00eb votuan p\u00ebr, 56 kund\u00ebr dhe 3 abstenuan. M\u00eb pas, Konjufca propozoi edhe kandidaten e dyt\u00eb \u2013 Donika G\u00ebrvall\u00ebn. Edhe n\u00eb k\u00ebt\u00eb rast, rezultati ishte i nj\u00ebjt\u00eb: 57 vota p\u00ebr, 56 kund\u00ebr dhe 3 abstenime.<\/p>\n<p>Ng\u00ebr\u00e7i n\u00eb zgjedhjen e kryetarit t\u00eb Kuvendit ka vonuar procesin e konstituimit t\u00eb plot\u00eb t\u00eb institucioneve pas zgjedhjeve, duke thelluar k\u00ebshtu kriz\u00ebn institucionale n\u00eb vend.<\/p>\n","protected":false},"excerpt":{"rendered":"<p>Kuvendi i Kosov\u00ebs do t\u00eb mblidhet s\u00ebrish sot, n\u00eb or\u00ebn 11:00, p\u00ebr t\u00eb vazhduar seanc\u00ebn konstituive, n\u00eb p\u00ebrpjekje p\u00ebr t\u00eb zgjedhur kryetarin e ri. Vazhdimi i k\u00ebsaj seance vjen pas d\u00ebshtimit p\u00ebr t\u00eb zgjedhur kryeparlamentarin t\u00eb m\u00ebrkur\u00ebn, ku L\u00ebvizja Vet\u00ebvendosje, si partia me m\u00eb s\u00eb shumti deputet\u00eb, propozoi fillimisht Albulena Haxhiun, e m\u00eb pas Donika [&hellip;]<\/p>\n","protected":false},"author":1,"featured_media":211940,"comment_status":"closed","ping_status":"closed","sticky":false,"template":"","format":"standard","meta":{"footnotes":""},"categories":[5],"tags":[],"class_list":{"0":"post-211939","1":"post","2":"type-post","3":"status-publish","4":"format-standard","5":"has-post-thumbnail","7":"category-lajme"},"_links":{"self":[{"href":"https:\/\/radiostargjilan.com\/web\/wp-json\/wp\/v2\/posts\/211939","targetHints":{"allow":["GET"]}}],"collection":[{"href":"https:\/\/radiostargjilan.com\/web\/wp-json\/wp\/v2\/posts"}],"about":[{"href":"https:\/\/radiostargjilan.com\/web\/wp-json\/wp\/v2\/types\/post"}],"author":[{"embeddable":true,"href":"https:\/\/radiostargjilan.com\/web\/wp-json\/wp\/v2\/users\/1"}],"replies":[{"embeddable":true,"href":"https:\/\/radiostargjilan.com\/web\/wp-json\/wp\/v2\/comments?post=211939"}],"version-history":[{"count":1,"href":"https:\/\/radiostargjilan.com\/web\/wp-json\/wp\/v2\/posts\/211939\/revisions"}],"predecessor-version":[{"id":211941,"href":"https:\/\/radiostargjilan.com\/web\/wp-json\/wp\/v2\/posts\/211939\/revisions\/211941"}],"wp:featuredmedia":[{"embeddable":true,"href":"https:\/\/radiostargjilan.com\/web\/wp-json\/wp\/v2\/media\/211940"}],"wp:attachment":[{"href":"https:\/\/radiostargjilan.com\/web\/wp-json\/wp\/v2\/media?parent=211939"}],"wp:term":[{"taxonomy":"category","embeddable":true,"href":"https:\/\/radiostargjilan.com\/web\/wp-json\/wp\/v2\/categories?post=211939"},{"taxonomy":"post_tag","embeddable":true,"href":"https:\/\/radiostargjilan.com\/web\/wp-json\/wp\/v2\/tags?post=211939"}],"curies":[{"name":"wp","href":"https:\/\/api.w.org\/{rel}","templated":true}]}}