{"id":215405,"date":"2025-09-28T17:22:58","date_gmt":"2025-09-28T15:22:58","guid":{"rendered":"https:\/\/radiostargjilan.com\/web\/?p=215405"},"modified":"2025-09-28T17:22:58","modified_gmt":"2025-09-28T15:22:58","slug":"skifterat-shperthejne-pas-humbjes-nga-llapi-nuhiu-i-padeshiruar-per-ne","status":"publish","type":"post","link":"https:\/\/radiostargjilan.com\/web\/skifterat-shperthejne-pas-humbjes-nga-llapi-nuhiu-i-padeshiruar-per-ne\/","title":{"rendered":"\u201cSkifterat\u201d shp\u00ebrthejn\u00eb pas humbjes nga Llapi: Nuhiu i pad\u00ebshiruar p\u00ebr ne"},"content":{"rendered":"<p>Pas disfat\u00ebs s\u00eb r\u00ebnd\u00eb t\u00eb Gjilanit n\u00eb Podujev\u00eb kund\u00ebr Llapit, me rezultat 4-1, nuk kan\u00eb munguar reagimet e ashpra nga tifoz\u00ebt e zjarrt\u00eb t\u00eb kuqebardh\u00ebve, \u201cSkifterat\u201d.<\/p>\n<p>N\u00eb nj\u00eb deklarat\u00eb t\u00eb publikuar pas ndeshjes, ata shpreh\u00ebn zhg\u00ebnjimin e tyre t\u00eb madh me situat\u00ebn aktuale n\u00eb klub, duke e b\u00ebr\u00eb t\u00eb qart\u00eb se besimi i tyre tek trajneri Ardian Nuhiu \u00ebsht\u00eb shuar.<\/p>\n<p>Ja deklarata e plot\u00eb e tifoz\u00ebve \u201cSkifterat\u201d:<\/p>\n<p>\u201cAsnj\u00ebher\u00eb nuk jemi p\u00ebrzier n\u00eb pun\u00ebt e kryesis\u00eb dhe gjithmon\u00eb kemi pasur dhe kemi besim t\u00eb plot\u00eb tek ata.<br \/>\nPor nga ky moment, trajneri Ardian Nuhiu \u00ebsht\u00eb i pad\u00ebshiruar p\u00ebr ne, n\u00ebse nuk reflekton ai.<br \/>\nN\u00ebse nuk ka ndryshim, do t\u00eb veprojm\u00eb n\u00eb m\u00ebnyr\u00ebn ton\u00eb, ashtu si\u00e7 dim\u00eb ne.<br \/>\nAskush nuk \u00ebsht\u00eb mbi klubin e zemr\u00ebs Gjilanin!<\/p>\n<p>#US99\u201d<\/p>\n<p>Ky reagim i fuqish\u00ebm vjen n\u00eb prag t\u00eb derbit t\u00eb madh gjilanas, ku n\u00eb xhiron e 8-t\u00eb Gjilani p\u00ebrballet me rivalin e qytetit, Drit\u00ebn. Nj\u00eb ndeshje q\u00eb tashm\u00eb merr dimensione edhe m\u00eb t\u00eb m\u00ebdha, pasi p\u00ebrve\u00e7 gar\u00ebs p\u00ebr pik\u00eb, do t\u00eb jet\u00eb edhe nj\u00eb test i r\u00ebnd\u00ebsish\u00ebm p\u00ebr t\u00eb ardhmen e trajnerit Nuhiu n\u00eb bankin\u00ebn e Gjilanit.<\/p>\n","protected":false},"excerpt":{"rendered":"<p>Pas disfat\u00ebs s\u00eb r\u00ebnd\u00eb t\u00eb Gjilanit n\u00eb Podujev\u00eb kund\u00ebr Llapit, me rezultat 4-1, nuk kan\u00eb munguar reagimet e ashpra nga tifoz\u00ebt e zjarrt\u00eb t\u00eb kuqebardh\u00ebve, \u201cSkifterat\u201d. N\u00eb nj\u00eb deklarat\u00eb t\u00eb publikuar pas ndeshjes, ata shpreh\u00ebn zhg\u00ebnjimin e tyre t\u00eb madh me situat\u00ebn aktuale n\u00eb klub, duke e b\u00ebr\u00eb t\u00eb qart\u00eb se besimi i tyre tek [&hellip;]<\/p>\n","protected":false},"author":1,"featured_media":215406,"comment_status":"closed","ping_status":"closed","sticky":false,"template":"","format":"standard","meta":{"footnotes":""},"categories":[7],"tags":[],"class_list":{"0":"post-215405","1":"post","2":"type-post","3":"status-publish","4":"format-standard","5":"has-post-thumbnail","7":"category-sports"},"_links":{"self":[{"href":"https:\/\/radiostargjilan.com\/web\/wp-json\/wp\/v2\/posts\/215405","targetHints":{"allow":["GET"]}}],"collection":[{"href":"https:\/\/radiostargjilan.com\/web\/wp-json\/wp\/v2\/posts"}],"about":[{"href":"https:\/\/radiostargjilan.com\/web\/wp-json\/wp\/v2\/types\/post"}],"author":[{"embeddable":true,"href":"https:\/\/radiostargjilan.com\/web\/wp-json\/wp\/v2\/users\/1"}],"replies":[{"embeddable":true,"href":"https:\/\/radiostargjilan.com\/web\/wp-json\/wp\/v2\/comments?post=215405"}],"version-history":[{"count":1,"href":"https:\/\/radiostargjilan.com\/web\/wp-json\/wp\/v2\/posts\/215405\/revisions"}],"predecessor-version":[{"id":215407,"href":"https:\/\/radiostargjilan.com\/web\/wp-json\/wp\/v2\/posts\/215405\/revisions\/215407"}],"wp:featuredmedia":[{"embeddable":true,"href":"https:\/\/radiostargjilan.com\/web\/wp-json\/wp\/v2\/media\/215406"}],"wp:attachment":[{"href":"https:\/\/radiostargjilan.com\/web\/wp-json\/wp\/v2\/media?parent=215405"}],"wp:term":[{"taxonomy":"category","embeddable":true,"href":"https:\/\/radiostargjilan.com\/web\/wp-json\/wp\/v2\/categories?post=215405"},{"taxonomy":"post_tag","embeddable":true,"href":"https:\/\/radiostargjilan.com\/web\/wp-json\/wp\/v2\/tags?post=215405"}],"curies":[{"name":"wp","href":"https:\/\/api.w.org\/{rel}","templated":true}]}}