{"id":21542,"date":"2018-07-04T14:05:51","date_gmt":"2018-07-04T14:05:51","guid":{"rendered":"http:\/\/radiostargjilan.com\/web\/?p=21542"},"modified":"2018-07-04T14:05:51","modified_gmt":"2018-07-04T14:05:51","slug":"gjilani-shenon-242-vjetorin-e-pavaresise-se-shbave","status":"publish","type":"post","link":"https:\/\/radiostargjilan.com\/web\/gjilani-shenon-242-vjetorin-e-pavaresise-se-shbave\/","title":{"rendered":"Gjilani sh\u00ebnon 242-vjetorin e Pavar\u00ebsis\u00eb s\u00eb ShBA\u2019ve"},"content":{"rendered":"<p>N\u00ebn p\u00ebrkudesjen e kryetarit Lutfi Haziri, Komuna e Gjilanit ka vendosur n\u00eb qytet flamuj amerikan\u00eb, n\u00eb sh\u00ebnim t\u00eb 242 t\u00eb Pavar\u00ebsis\u00eb s\u00eb ShBA\u2019ve.<\/p>\n<p>Kryetari i Komun\u00ebs, Lutfi Haziri, me k\u00ebt\u00eb rast ka uruar popullin amerikan, nd\u00ebrsa ka fal\u00ebnderuar mikun e madh t\u00eb shqiptar\u00ebve  p\u00ebr mb\u00ebshtetjen e madhe p\u00ebr Kosov\u00ebn dhe Gjilanin n\u00eb m\u00ebnyr\u00eb permanente.<\/p>\n<p>\u201cMe taksat e qytetar\u00ebve amerikan\u00eb, p\u00ebrmes programeve t\u00eb USAID, kemi realizuar dhjet\u00ebra projekte kapitale, t\u00eb cilat kan\u00eb ndikuar direkt n\u00eb mir\u00ebqenien e qytetar\u00ebve t\u00eb Gjilanit. Nj\u00eb fal\u00ebnderim p\u00ebrjet\u00eb Shteteve t\u00eb Bashkuara t\u00eb Amerik\u00ebs p\u00ebr mb\u00ebshtetjen e madhe\u201d, ka th\u00ebn\u00eb Haziri.<br \/>\n\u200b<\/p>\n","protected":false},"excerpt":{"rendered":"<p>N\u00ebn p\u00ebrkudesjen e kryetarit Lutfi Haziri, Komuna e Gjilanit ka vendosur n\u00eb qytet flamuj amerikan\u00eb, n\u00eb sh\u00ebnim t\u00eb 242 t\u00eb Pavar\u00ebsis\u00eb s\u00eb ShBA\u2019ve. Kryetari i Komun\u00ebs, Lutfi Haziri, me k\u00ebt\u00eb rast ka uruar popullin amerikan, nd\u00ebrsa ka fal\u00ebnderuar mikun e madh t\u00eb shqiptar\u00ebve p\u00ebr mb\u00ebshtetjen e madhe p\u00ebr Kosov\u00ebn dhe Gjilanin n\u00eb m\u00ebnyr\u00eb permanente. \u201cMe [&hellip;]<\/p>\n","protected":false},"author":1,"featured_media":21543,"comment_status":"closed","ping_status":"closed","sticky":false,"template":"","format":"standard","meta":{"footnotes":""},"categories":[5],"tags":[],"class_list":{"0":"post-21542","1":"post","2":"type-post","3":"status-publish","4":"format-standard","5":"has-post-thumbnail","7":"category-lajme"},"_links":{"self":[{"href":"https:\/\/radiostargjilan.com\/web\/wp-json\/wp\/v2\/posts\/21542","targetHints":{"allow":["GET"]}}],"collection":[{"href":"https:\/\/radiostargjilan.com\/web\/wp-json\/wp\/v2\/posts"}],"about":[{"href":"https:\/\/radiostargjilan.com\/web\/wp-json\/wp\/v2\/types\/post"}],"author":[{"embeddable":true,"href":"https:\/\/radiostargjilan.com\/web\/wp-json\/wp\/v2\/users\/1"}],"replies":[{"embeddable":true,"href":"https:\/\/radiostargjilan.com\/web\/wp-json\/wp\/v2\/comments?post=21542"}],"version-history":[{"count":0,"href":"https:\/\/radiostargjilan.com\/web\/wp-json\/wp\/v2\/posts\/21542\/revisions"}],"wp:featuredmedia":[{"embeddable":true,"href":"https:\/\/radiostargjilan.com\/web\/wp-json\/wp\/v2\/media\/21543"}],"wp:attachment":[{"href":"https:\/\/radiostargjilan.com\/web\/wp-json\/wp\/v2\/media?parent=21542"}],"wp:term":[{"taxonomy":"category","embeddable":true,"href":"https:\/\/radiostargjilan.com\/web\/wp-json\/wp\/v2\/categories?post=21542"},{"taxonomy":"post_tag","embeddable":true,"href":"https:\/\/radiostargjilan.com\/web\/wp-json\/wp\/v2\/tags?post=21542"}],"curies":[{"name":"wp","href":"https:\/\/api.w.org\/{rel}","templated":true}]}}