{"id":21892,"date":"2018-07-07T09:02:30","date_gmt":"2018-07-07T09:02:30","guid":{"rendered":"http:\/\/radiostargjilan.com\/web\/?p=21892"},"modified":"2018-07-07T09:02:30","modified_gmt":"2018-07-07T09:02:30","slug":"uefa-vlereson-rezultatet-e-drites-kosova-fillon-ngritjen-e-madhe-ne-evrope","status":"publish","type":"post","link":"https:\/\/radiostargjilan.com\/web\/uefa-vlereson-rezultatet-e-drites-kosova-fillon-ngritjen-e-madhe-ne-evrope\/","title":{"rendered":"UEFA vler\u00ebson rezultatet e Drit\u00ebs, Kosova fillon ngritjen e madhe n\u00eb Evrop\u00eb"},"content":{"rendered":"<p>Drita dhe Prishtina i kan\u00eb b\u00ebr\u00eb nder\u00eb futbollist t\u00eb Kosov\u00ebs dhe kjo \u00ebsht\u00eb konfirmuar edhe nga vet UEFA.<br \/>\nKalkulatori i koeficient\u00ebve t\u00eb UEFA-s q\u00eb b\u00ebn p\u00ebrllogaritjen e koeficient\u00ebve t\u00eb vendeve an\u00ebtare t\u00eb UEFA-s \u00ebsht\u00eb befasuar nga skuadrat e Kosov\u00ebs.<\/p>\n<p>Drita e fitoi turneun para kualifikues t\u00eb Lig\u00ebs s\u00eb Kampion\u00ebve n\u00eb Gjibraltar<br \/>\nPrishtina dhe Drita me kualifikimet e tyre kan\u00eb b\u00ebr\u00eb q\u00eb Kosova t\u00eb ngjitet n\u00eb vendin e 53-t\u00eb t\u00eb klasifikimit t\u00eb shteteve n\u00eb k\u00ebt\u00eb ranglist\u00eb t\u00eb UEFA-s, ku Kosova startoi para dy vitesh prej pozit\u00ebs s\u00eb 55-t\u00eb.<br \/>\nTriumfet e Prishtin\u00ebs n\u00eb Europa League dhe t\u00eb Drit\u00ebs n\u00eb Lig\u00ebn e Kampion\u00ebve, ku dy skuadrat tash do t\u00eb luajn\u00eb n\u00eb rrethin e par\u00eb t\u00eb garave respektive, ka b\u00ebr\u00eb q\u00eb Kosova p\u00ebr sezonin 2018\/2019 t\u00eb jet\u00eb n\u00eb vendin e gjasht\u00eb t\u00eb vendeve m\u00eb t\u00eb suksesshme n\u00eb garat evropiane.<\/p>\n<p>Aventura e klubeve nga Kosova n\u00eb garat e UEFA-s vazhdon jav\u00ebn e ardhshme.<br \/>\nT\u00eb mart\u00ebn n\u00eb stadiumin olimpik \u201cAdem Jashari\u201d n\u00eb Mitrovic\u00eb, kampioni i Kosov\u00ebs, Drita, e pret kampionin suedez, Malmon.<br \/>\nMenj\u00ebher\u00eb t\u00eb m\u00ebrkur\u00ebn n\u00eb rrethin e par\u00eb t\u00eb Europa League, Prishtina zhvillon ndeshjen e par\u00eb ndaj Fola Esche n\u00eb Luksemburg.<br \/>\nSuksesi dhe serioziteti i Drit\u00ebs e Prishtin\u00ebs mund t\u2019ia sjell\u00eb Kosov\u00ebs qysh nga sezoni i ardhsh\u00ebm edhe nj\u00eb vend p\u00ebr skuadr\u00ebn q\u00eb p\u00ebrfundon e treta n\u00eb kampionat. <\/p>\n","protected":false},"excerpt":{"rendered":"<p>Drita dhe Prishtina i kan\u00eb b\u00ebr\u00eb nder\u00eb futbollist t\u00eb Kosov\u00ebs dhe kjo \u00ebsht\u00eb konfirmuar edhe nga vet UEFA. Kalkulatori i koeficient\u00ebve t\u00eb UEFA-s q\u00eb b\u00ebn p\u00ebrllogaritjen e koeficient\u00ebve t\u00eb vendeve an\u00ebtare t\u00eb UEFA-s \u00ebsht\u00eb befasuar nga skuadrat e Kosov\u00ebs. Drita e fitoi turneun para kualifikues t\u00eb Lig\u00ebs s\u00eb Kampion\u00ebve n\u00eb Gjibraltar Prishtina dhe Drita me [&hellip;]<\/p>\n","protected":false},"author":1,"featured_media":21531,"comment_status":"closed","ping_status":"closed","sticky":false,"template":"","format":"standard","meta":{"footnotes":""},"categories":[5],"tags":[],"class_list":{"0":"post-21892","1":"post","2":"type-post","3":"status-publish","4":"format-standard","5":"has-post-thumbnail","7":"category-lajme"},"_links":{"self":[{"href":"https:\/\/radiostargjilan.com\/web\/wp-json\/wp\/v2\/posts\/21892","targetHints":{"allow":["GET"]}}],"collection":[{"href":"https:\/\/radiostargjilan.com\/web\/wp-json\/wp\/v2\/posts"}],"about":[{"href":"https:\/\/radiostargjilan.com\/web\/wp-json\/wp\/v2\/types\/post"}],"author":[{"embeddable":true,"href":"https:\/\/radiostargjilan.com\/web\/wp-json\/wp\/v2\/users\/1"}],"replies":[{"embeddable":true,"href":"https:\/\/radiostargjilan.com\/web\/wp-json\/wp\/v2\/comments?post=21892"}],"version-history":[{"count":0,"href":"https:\/\/radiostargjilan.com\/web\/wp-json\/wp\/v2\/posts\/21892\/revisions"}],"wp:featuredmedia":[{"embeddable":true,"href":"https:\/\/radiostargjilan.com\/web\/wp-json\/wp\/v2\/media\/21531"}],"wp:attachment":[{"href":"https:\/\/radiostargjilan.com\/web\/wp-json\/wp\/v2\/media?parent=21892"}],"wp:term":[{"taxonomy":"category","embeddable":true,"href":"https:\/\/radiostargjilan.com\/web\/wp-json\/wp\/v2\/categories?post=21892"},{"taxonomy":"post_tag","embeddable":true,"href":"https:\/\/radiostargjilan.com\/web\/wp-json\/wp\/v2\/tags?post=21892"}],"curies":[{"name":"wp","href":"https:\/\/api.w.org\/{rel}","templated":true}]}}