{"id":22265,"date":"2018-07-10T12:35:28","date_gmt":"2018-07-10T12:35:28","guid":{"rendered":"http:\/\/radiostargjilan.com\/web\/?p=22265"},"modified":"2018-07-10T12:35:28","modified_gmt":"2018-07-10T12:35:28","slug":"lirohen-pese-serbet-e-arrestuar-ne-gjilan-prokurori-maloku-jep-detaje-per-rastin","status":"publish","type":"post","link":"https:\/\/radiostargjilan.com\/web\/lirohen-pese-serbet-e-arrestuar-ne-gjilan-prokurori-maloku-jep-detaje-per-rastin\/","title":{"rendered":"Lirohen pes\u00eb serb\u00ebt e arrestuar n\u00eb Gjilan, prokurori Maloku jep detaje p\u00ebr rastin"},"content":{"rendered":"<p>Pak or\u00eb pas arrestimit jan\u00eb liruar pes\u00eb serb\u00ebt e arrestuar n\u00eb komun\u00ebn e Gjilanit.<\/p>\n<p>K\u00ebt\u00eb e ka konfirmuar p\u00ebr Indeksonline, kryeprokurori i prokuroris\u00eb n\u00eb Gjilan, Jetish Maloku. Maloku ka theksuar se t\u00eb nj\u00ebjtit jan\u00eb liruar pas intervistimit.<\/p>\n<p>Pas bastisjes dhe kontrollit t\u00eb sht\u00ebpive dhe objekteve p\u00ebrcjell\u00ebse t\u00eb pes\u00eb t\u00eb dyshuarve, t\u00eb nj\u00ebjtit jan\u00eb sjellur n\u00eb stacionin policor n\u00eb Gjilan, nga Drejtoria e Hetimeve t\u00eb Krimeve t\u00eb R\u00ebnda n\u00eb Prishtin\u00eb, meq\u00eb rast jan\u00eb intervistuar t\u00eb nj\u00ebjtit lidhur me dyshimin p\u00ebr vep\u00ebr penale t\u00eb kryer. Pas intervistimit t\u00eb tyre t\u00eb nj\u00ebjtit jan\u00eb liruar n\u00eb procedur\u00eb t\u00eb rregullt p\u00ebr n\u00eb sht\u00ebpit\u00eb e tyre\u201d, ka th\u00ebn\u00eb Malok p\u00ebr Indeksonline.<\/p>\n<p>Gjithashtu Maloku ka shtuar se gjat\u00eb k\u00ebsaj kohe jan\u00eb konfiskuar disa materiale t\u00eb ndryshme si fishek\u00eb dhe arm\u00eb t\u00eb cilat jan\u00eb konfiskuar p\u00ebrkoh\u00ebsisht dhe pritet t\u00eb ekzaminohen dhe t\u00eb hetohen n\u00eb procedur\u00eb t\u00eb rregullt.<\/p>\n<p>Nd\u00ebrkoh\u00eb pak minuta m\u00eb par\u00eb \u00ebsht\u00eb pik\u00ebrisht Drejtori i t\u00eb ashtuquajtur\u00ebs Zyra p\u00ebr Kosov\u00ebn, Marko Gjuriq i cili ka k\u00ebrc\u00ebnuar haptazi institucionet e Kosov\u00ebs duke th\u00ebn\u00eb se n\u00eb rast se serb\u00ebt nuk lirohen deri n\u00eb mbr\u00ebmje, dialogu nuk do t\u00eb vazhdoj\u00eb.<\/p>\n<p>Policia e Kosov\u00ebs p\u00ebrmes nj\u00eb njoftimi p\u00ebr media gjat\u00eb or\u00ebve t\u00eb para t\u00eb dit\u00ebs s\u00eb sotme ka b\u00ebr\u00eb t\u00eb ditur se pes\u00eb personat jan\u00eb arrestuar n\u00ebn dyshimin e bazuar se t\u00eb nj\u00ebjti jan\u00eb p\u00ebrfshir\u00eb n\u00eb veprimtari kund\u00ebr rendit kushtetues dhe siguris\u00eb s\u00eb Republik\u00ebs s\u00eb Kosov\u00ebs<\/p>\n","protected":false},"excerpt":{"rendered":"<p>Pak or\u00eb pas arrestimit jan\u00eb liruar pes\u00eb serb\u00ebt e arrestuar n\u00eb komun\u00ebn e Gjilanit. K\u00ebt\u00eb e ka konfirmuar p\u00ebr Indeksonline, kryeprokurori i prokuroris\u00eb n\u00eb Gjilan, Jetish Maloku. Maloku ka theksuar se t\u00eb nj\u00ebjtit jan\u00eb liruar pas intervistimit. Pas bastisjes dhe kontrollit t\u00eb sht\u00ebpive dhe objekteve p\u00ebrcjell\u00ebse t\u00eb pes\u00eb t\u00eb dyshuarve, t\u00eb nj\u00ebjtit jan\u00eb sjellur n\u00eb [&hellip;]<\/p>\n","protected":false},"author":1,"featured_media":22242,"comment_status":"closed","ping_status":"closed","sticky":false,"template":"","format":"standard","meta":{"footnotes":""},"categories":[5],"tags":[],"class_list":{"0":"post-22265","1":"post","2":"type-post","3":"status-publish","4":"format-standard","5":"has-post-thumbnail","7":"category-lajme"},"_links":{"self":[{"href":"https:\/\/radiostargjilan.com\/web\/wp-json\/wp\/v2\/posts\/22265","targetHints":{"allow":["GET"]}}],"collection":[{"href":"https:\/\/radiostargjilan.com\/web\/wp-json\/wp\/v2\/posts"}],"about":[{"href":"https:\/\/radiostargjilan.com\/web\/wp-json\/wp\/v2\/types\/post"}],"author":[{"embeddable":true,"href":"https:\/\/radiostargjilan.com\/web\/wp-json\/wp\/v2\/users\/1"}],"replies":[{"embeddable":true,"href":"https:\/\/radiostargjilan.com\/web\/wp-json\/wp\/v2\/comments?post=22265"}],"version-history":[{"count":0,"href":"https:\/\/radiostargjilan.com\/web\/wp-json\/wp\/v2\/posts\/22265\/revisions"}],"wp:featuredmedia":[{"embeddable":true,"href":"https:\/\/radiostargjilan.com\/web\/wp-json\/wp\/v2\/media\/22242"}],"wp:attachment":[{"href":"https:\/\/radiostargjilan.com\/web\/wp-json\/wp\/v2\/media?parent=22265"}],"wp:term":[{"taxonomy":"category","embeddable":true,"href":"https:\/\/radiostargjilan.com\/web\/wp-json\/wp\/v2\/categories?post=22265"},{"taxonomy":"post_tag","embeddable":true,"href":"https:\/\/radiostargjilan.com\/web\/wp-json\/wp\/v2\/tags?post=22265"}],"curies":[{"name":"wp","href":"https:\/\/api.w.org\/{rel}","templated":true}]}}