{"id":227805,"date":"2026-02-14T17:56:53","date_gmt":"2026-02-14T16:56:53","guid":{"rendered":"https:\/\/radiostargjilan.com\/web\/?p=227805"},"modified":"2026-02-14T17:56:53","modified_gmt":"2026-02-14T16:56:53","slug":"washington-dc-e-shpall-si-date-zyrtare-17-shkurtin-diten-e-pavaresise-se-kosoves","status":"publish","type":"post","link":"https:\/\/radiostargjilan.com\/web\/washington-dc-e-shpall-si-date-zyrtare-17-shkurtin-diten-e-pavaresise-se-kosoves\/","title":{"rendered":"Washington DC e shpall si dat\u00eb zyrtare 17 shkurtin, Dit\u00ebn e Pavar\u00ebsis\u00eb s\u00eb Kosov\u00ebs"},"content":{"rendered":"<p>Ambasada e Kosov\u00ebs n\u00eb Washington DC ka njoftuar se tashm\u00eb kryetarja e kryeqendr\u00ebs s\u00eb SHBA-s\u00eb, Muriel Bowser, ka vendosur q\u00eb ta shpall 17 shkurtin, dit\u00ebn e pavar\u00ebsis\u00eb s\u00eb Kososv\u00ebs, si dat\u00eb zyrtare n\u00eb Washington DC.<\/p>\n<p>N\u00eb vendimin e saj, Bowser thot\u00eb se kjo \u00ebsht\u00eb si rezultat i p\u00ebrparimit t\u00eb madh q\u00eb Kosova ka sh\u00ebnuar p\u00ebr mbrojtjen e ligjit, t\u00eb drejtave t\u00eb njeriut e forcimit t\u00eb saj nd\u00ebrkomb\u00ebtar q\u00eb nga viti 2008.<\/p>\n<p>Ambasada e Kosov\u00ebs atje e ka falend\u00ebruar p\u00ebrmes nj\u00eb reagimi n\u00eb \u201cX\u201d.<\/p>\n<p>\u201cFaleminderit kryetarja Bowser q\u00eb njoh\u00ebt zyrtarisht 17 shkurtin si Dit\u00ebn e Pavar\u00ebsis\u00eb s\u00eb Kosov\u00ebs n\u00eb Uashington, D.C.\u201d, thuhet n\u00eb reagimin e Ambasad\u00ebs.<\/p>\n<p>Vendimi i plot\u00eb:<\/p>\n<p>DUKE PASUR PARASYSH se, q\u00eb nga shpallja e pavar\u00ebsis\u00eb m\u00eb 17 shkurt 2008, Republika e Kosov\u00ebs ka sh\u00ebnuar p\u00ebrparim t\u00eb madh n\u00eb promovimin e sundimit t\u00eb ligjit, mbrojtjen e t\u00eb drejtave t\u00eb njeriut dhe forcimin e pozit\u00ebs s\u00eb saj nd\u00ebrkomb\u00ebtare; dhe<\/p>\n<p>DUKE PASUR PARASYSH se lidhja nd\u00ebrmjet Kosov\u00ebs dhe Shteteve t\u00eb Bashkuara \u00ebsht\u00eb unike dhe e q\u00ebndrueshme, e nd\u00ebrtuar mbi vlera t\u00eb p\u00ebrbashk\u00ebta demokratike, partneritet afatgjat\u00eb dhe respekt t\u00eb thell\u00eb t\u00eb nd\u00ebrsjell\u00eb; dhe<\/p>\n<p>DUKE PASUR PARASYSH se qytetar\u00ebt shqiptaro-amerikan\u00eb japin kontribute t\u00eb r\u00ebnd\u00ebsishme n\u00eb pasurimin kulturor dhe qytetar t\u00eb Uashingtonit, DC; dhe<\/p>\n<p>DUKE PASUR PARASYSH se ne i bashkohemi komunitetit shqiptar dhe Ambasad\u00ebs s\u00eb Republik\u00ebs s\u00eb Kosov\u00ebs n\u00eb p\u00ebrkujtimin e 18-vjetorit t\u00eb pavar\u00ebsis\u00eb s\u00eb Republik\u00ebs s\u00eb Kosov\u00ebs;<\/p>\n<p>TANI, PRANDAJ, UN\u00cb, KRYETARJA E BASHKIS\u00cb S\u00cb WASHINGTON, DC, shpall 17 shkurtin 2026 si \u201cDITA E PAVAR\u00cbSIS\u00cb S\u00cb KOSOV\u00cbS\u201d n\u00eb Washington, DC.<\/p>\n","protected":false},"excerpt":{"rendered":"<p>Ambasada e Kosov\u00ebs n\u00eb Washington DC ka njoftuar se tashm\u00eb kryetarja e kryeqendr\u00ebs s\u00eb SHBA-s\u00eb, Muriel Bowser, ka vendosur q\u00eb ta shpall 17 shkurtin, dit\u00ebn e pavar\u00ebsis\u00eb s\u00eb Kososv\u00ebs, si dat\u00eb zyrtare n\u00eb Washington DC. N\u00eb vendimin e saj, Bowser thot\u00eb se kjo \u00ebsht\u00eb si rezultat i p\u00ebrparimit t\u00eb madh q\u00eb Kosova ka sh\u00ebnuar p\u00ebr [&hellip;]<\/p>\n","protected":false},"author":1,"featured_media":227806,"comment_status":"closed","ping_status":"closed","sticky":false,"template":"","format":"standard","meta":{"footnotes":""},"categories":[5],"tags":[],"class_list":{"0":"post-227805","1":"post","2":"type-post","3":"status-publish","4":"format-standard","5":"has-post-thumbnail","7":"category-lajme"},"_links":{"self":[{"href":"https:\/\/radiostargjilan.com\/web\/wp-json\/wp\/v2\/posts\/227805","targetHints":{"allow":["GET"]}}],"collection":[{"href":"https:\/\/radiostargjilan.com\/web\/wp-json\/wp\/v2\/posts"}],"about":[{"href":"https:\/\/radiostargjilan.com\/web\/wp-json\/wp\/v2\/types\/post"}],"author":[{"embeddable":true,"href":"https:\/\/radiostargjilan.com\/web\/wp-json\/wp\/v2\/users\/1"}],"replies":[{"embeddable":true,"href":"https:\/\/radiostargjilan.com\/web\/wp-json\/wp\/v2\/comments?post=227805"}],"version-history":[{"count":1,"href":"https:\/\/radiostargjilan.com\/web\/wp-json\/wp\/v2\/posts\/227805\/revisions"}],"predecessor-version":[{"id":227807,"href":"https:\/\/radiostargjilan.com\/web\/wp-json\/wp\/v2\/posts\/227805\/revisions\/227807"}],"wp:featuredmedia":[{"embeddable":true,"href":"https:\/\/radiostargjilan.com\/web\/wp-json\/wp\/v2\/media\/227806"}],"wp:attachment":[{"href":"https:\/\/radiostargjilan.com\/web\/wp-json\/wp\/v2\/media?parent=227805"}],"wp:term":[{"taxonomy":"category","embeddable":true,"href":"https:\/\/radiostargjilan.com\/web\/wp-json\/wp\/v2\/categories?post=227805"},{"taxonomy":"post_tag","embeddable":true,"href":"https:\/\/radiostargjilan.com\/web\/wp-json\/wp\/v2\/tags?post=227805"}],"curies":[{"name":"wp","href":"https:\/\/api.w.org\/{rel}","templated":true}]}}