{"id":227811,"date":"2026-02-14T20:22:46","date_gmt":"2026-02-14T19:22:46","guid":{"rendered":"https:\/\/radiostargjilan.com\/web\/?p=227811"},"modified":"2026-02-14T20:22:46","modified_gmt":"2026-02-14T19:22:46","slug":"deshmitari-i-thacit-duncan-pres-me-padurim-pergjigjen-e-prokurorise-ne-hage","status":"publish","type":"post","link":"https:\/\/radiostargjilan.com\/web\/deshmitari-i-thacit-duncan-pres-me-padurim-pergjigjen-e-prokurorise-ne-hage\/","title":{"rendered":"D\u00ebshmitari i Tha\u00e7it Duncan: Pres me padurim p\u00ebrgjigjen e Prokuroris\u00eb n\u00eb Hag\u00eb"},"content":{"rendered":"<p>Ish-ambasadori britanik, John Stewart Duncan, i cili ishte d\u00ebshmitari i tret\u00eb i mbrojtjes n\u00eb procesin gjyq\u00ebsor ndaj ish-presidentit Hashim Tha\u00e7i n\u00eb Dhomat e Specializuara n\u00eb Hag\u00eb, ka reaguar lidhur me zhvillimet n\u00eb k\u00ebt\u00eb \u00e7\u00ebshtje.<\/p>\n<p>P\u00ebrmes nj\u00eb postimi n\u00eb platform\u00ebn X, ai e ka p\u00ebrshkruar jav\u00ebn si \u201cjasht\u00ebzakonisht dometh\u00ebn\u00ebse\u201d p\u00ebr ekipin e mbrojtjes, duke vler\u00ebsuar paraqitjen e fjal\u00ebve p\u00ebrfundimtare dhe duke theksuar r\u00ebnd\u00ebsin\u00eb e p\u00ebrmbledhjes s\u00eb detajuar q\u00eb kishte ofruar gjat\u00eb d\u00ebshmis\u00eb s\u00eb tij.<\/p>\n<p>Duncan ka shtuar se pret me interes reagimin e Prokuroris\u00eb ndaj d\u00ebshmis\u00eb s\u00eb tij, duke ironizuar mbi q\u00ebndrimin e saj se ai gjoja kishte njohuri t\u00eb kufizuara p\u00ebr situat\u00ebn n\u00eb terren n\u00eb koh\u00ebn p\u00ebrkat\u00ebse.<\/p>\n<p>\u201cNj\u00eb jav\u00eb tejet dometh\u00ebn\u00ebse n\u00eb Dhomat e Specializuara. Pres me padurim q\u00eb t\u00eb d\u00ebgjoj prokurorin\u00eb t\u00eb shpjegoj\u00eb se si p\u00ebrmbledhja shum\u00eb e detajuar q\u00eb e p\u00ebrmenda disa her\u00eb n\u00eb d\u00ebshmin\u00eb time p\u00ebrfaq\u00ebson \u2018njohuri t\u00eb pakta \u2026 mbi realitetin n\u00eb terren\u2019\u201d, ka shkruar Duncan.<\/p>\n","protected":false},"excerpt":{"rendered":"<p>Ish-ambasadori britanik, John Stewart Duncan, i cili ishte d\u00ebshmitari i tret\u00eb i mbrojtjes n\u00eb procesin gjyq\u00ebsor ndaj ish-presidentit Hashim Tha\u00e7i n\u00eb Dhomat e Specializuara n\u00eb Hag\u00eb, ka reaguar lidhur me zhvillimet n\u00eb k\u00ebt\u00eb \u00e7\u00ebshtje. P\u00ebrmes nj\u00eb postimi n\u00eb platform\u00ebn X, ai e ka p\u00ebrshkruar jav\u00ebn si \u201cjasht\u00ebzakonisht dometh\u00ebn\u00ebse\u201d p\u00ebr ekipin e mbrojtjes, duke vler\u00ebsuar paraqitjen [&hellip;]<\/p>\n","protected":false},"author":1,"featured_media":227812,"comment_status":"closed","ping_status":"closed","sticky":false,"template":"","format":"standard","meta":{"footnotes":""},"categories":[5],"tags":[],"class_list":{"0":"post-227811","1":"post","2":"type-post","3":"status-publish","4":"format-standard","5":"has-post-thumbnail","7":"category-lajme"},"_links":{"self":[{"href":"https:\/\/radiostargjilan.com\/web\/wp-json\/wp\/v2\/posts\/227811","targetHints":{"allow":["GET"]}}],"collection":[{"href":"https:\/\/radiostargjilan.com\/web\/wp-json\/wp\/v2\/posts"}],"about":[{"href":"https:\/\/radiostargjilan.com\/web\/wp-json\/wp\/v2\/types\/post"}],"author":[{"embeddable":true,"href":"https:\/\/radiostargjilan.com\/web\/wp-json\/wp\/v2\/users\/1"}],"replies":[{"embeddable":true,"href":"https:\/\/radiostargjilan.com\/web\/wp-json\/wp\/v2\/comments?post=227811"}],"version-history":[{"count":1,"href":"https:\/\/radiostargjilan.com\/web\/wp-json\/wp\/v2\/posts\/227811\/revisions"}],"predecessor-version":[{"id":227813,"href":"https:\/\/radiostargjilan.com\/web\/wp-json\/wp\/v2\/posts\/227811\/revisions\/227813"}],"wp:featuredmedia":[{"embeddable":true,"href":"https:\/\/radiostargjilan.com\/web\/wp-json\/wp\/v2\/media\/227812"}],"wp:attachment":[{"href":"https:\/\/radiostargjilan.com\/web\/wp-json\/wp\/v2\/media?parent=227811"}],"wp:term":[{"taxonomy":"category","embeddable":true,"href":"https:\/\/radiostargjilan.com\/web\/wp-json\/wp\/v2\/categories?post=227811"},{"taxonomy":"post_tag","embeddable":true,"href":"https:\/\/radiostargjilan.com\/web\/wp-json\/wp\/v2\/tags?post=227811"}],"curies":[{"name":"wp","href":"https:\/\/api.w.org\/{rel}","templated":true}]}}