{"id":227919,"date":"2026-02-16T17:00:11","date_gmt":"2026-02-16T16:00:11","guid":{"rendered":"https:\/\/radiostargjilan.com\/web\/?p=227919"},"modified":"2026-02-16T17:00:11","modified_gmt":"2026-02-16T16:00:11","slug":"qeveria-jep-detaje-nga-takimi-kurti-rama","status":"publish","type":"post","link":"https:\/\/radiostargjilan.com\/web\/qeveria-jep-detaje-nga-takimi-kurti-rama\/","title":{"rendered":"Qeveria jep detaje nga takimi Kurti-Rama"},"content":{"rendered":"<p>Qeveria e Kosov\u00ebs ka dh\u00ebn\u00eb detaje p\u00ebr takimin q\u00eb kryeministri Kurti zhvilloi me at\u00eb t\u00eb Shqip\u00ebris\u00eb, Edi Rama.<\/p>\n<p>Sipas njoftimit marr\u00ebdh\u00ebniet nd\u00ebrshtet\u00ebrore, marr\u00ebveshjet nd\u00ebrqeveritare, projektet infrastrukturore me interes t\u00eb p\u00ebrbashk\u00ebt dhe mund\u00ebsit\u00eb e reja n\u00eb k\u00ebt\u00eb mandat t\u00eb dy qeverive, ishin nd\u00ebr temat kryesore t\u00eb diskutimit.<\/p>\n<p>Sipas njoftimit Rama uroi kryeministrin Kurti p\u00ebr fitoren n\u00eb zgjedhjet e 28 dhjetorit dhe p\u00ebr formimin e Qeveris\u00eb, p\u00ebr \u00e7ka kryeministri Kurti shprehu fal\u00ebnderimin e tij dhe vullnetin e Qeveris\u00eb q\u00eb drejton p\u00ebr forcimin dhe zgjerimin e marr\u00ebdh\u00ebniet nd\u00ebrmjet Kosov\u00ebs dhe Shqip\u00ebris\u00eb n\u00eb sh\u00ebrbim t\u00eb qytetar\u00ebve dhe mbar\u00eb kombit.<\/p>\n","protected":false},"excerpt":{"rendered":"<p>Qeveria e Kosov\u00ebs ka dh\u00ebn\u00eb detaje p\u00ebr takimin q\u00eb kryeministri Kurti zhvilloi me at\u00eb t\u00eb Shqip\u00ebris\u00eb, Edi Rama. Sipas njoftimit marr\u00ebdh\u00ebniet nd\u00ebrshtet\u00ebrore, marr\u00ebveshjet nd\u00ebrqeveritare, projektet infrastrukturore me interes t\u00eb p\u00ebrbashk\u00ebt dhe mund\u00ebsit\u00eb e reja n\u00eb k\u00ebt\u00eb mandat t\u00eb dy qeverive, ishin nd\u00ebr temat kryesore t\u00eb diskutimit. Sipas njoftimit Rama uroi kryeministrin Kurti p\u00ebr fitoren n\u00eb [&hellip;]<\/p>\n","protected":false},"author":1,"featured_media":227920,"comment_status":"closed","ping_status":"closed","sticky":false,"template":"","format":"standard","meta":{"footnotes":""},"categories":[5],"tags":[],"class_list":{"0":"post-227919","1":"post","2":"type-post","3":"status-publish","4":"format-standard","5":"has-post-thumbnail","7":"category-lajme"},"_links":{"self":[{"href":"https:\/\/radiostargjilan.com\/web\/wp-json\/wp\/v2\/posts\/227919","targetHints":{"allow":["GET"]}}],"collection":[{"href":"https:\/\/radiostargjilan.com\/web\/wp-json\/wp\/v2\/posts"}],"about":[{"href":"https:\/\/radiostargjilan.com\/web\/wp-json\/wp\/v2\/types\/post"}],"author":[{"embeddable":true,"href":"https:\/\/radiostargjilan.com\/web\/wp-json\/wp\/v2\/users\/1"}],"replies":[{"embeddable":true,"href":"https:\/\/radiostargjilan.com\/web\/wp-json\/wp\/v2\/comments?post=227919"}],"version-history":[{"count":1,"href":"https:\/\/radiostargjilan.com\/web\/wp-json\/wp\/v2\/posts\/227919\/revisions"}],"predecessor-version":[{"id":227921,"href":"https:\/\/radiostargjilan.com\/web\/wp-json\/wp\/v2\/posts\/227919\/revisions\/227921"}],"wp:featuredmedia":[{"embeddable":true,"href":"https:\/\/radiostargjilan.com\/web\/wp-json\/wp\/v2\/media\/227920"}],"wp:attachment":[{"href":"https:\/\/radiostargjilan.com\/web\/wp-json\/wp\/v2\/media?parent=227919"}],"wp:term":[{"taxonomy":"category","embeddable":true,"href":"https:\/\/radiostargjilan.com\/web\/wp-json\/wp\/v2\/categories?post=227919"},{"taxonomy":"post_tag","embeddable":true,"href":"https:\/\/radiostargjilan.com\/web\/wp-json\/wp\/v2\/tags?post=227919"}],"curies":[{"name":"wp","href":"https:\/\/api.w.org\/{rel}","templated":true}]}}