{"id":227925,"date":"2026-02-16T19:08:14","date_gmt":"2026-02-16T18:08:14","guid":{"rendered":"https:\/\/radiostargjilan.com\/web\/?p=227925"},"modified":"2026-02-16T19:08:14","modified_gmt":"2026-02-16T18:08:14","slug":"18-vjetori-i-pavaresise-kuvendi-mblidhet-neser-per-seance-solemne","status":"publish","type":"post","link":"https:\/\/radiostargjilan.com\/web\/18-vjetori-i-pavaresise-kuvendi-mblidhet-neser-per-seance-solemne\/","title":{"rendered":"18-vjetori i Pavar\u00ebsis\u00eb, Kuvendi mblidhet nes\u00ebr p\u00ebr seanc\u00eb solemne"},"content":{"rendered":"<p>Kuvendi i Kosov\u00ebs do t\u00eb mblidhet nes\u00ebr p\u00ebr seanc\u00eb solemne me rastin e 18-vjetorit t\u00eb Pavar\u00ebsis\u00eb s\u00eb Kosov\u00ebs.<\/p>\n<p>N\u00eb njoftimin e Kuvendit b\u00ebhet me dije se seanca do t\u00eb mbahet n\u00eb or\u00ebn 10:30.<\/p>\n<p>Paraprakisht, mbledhje solemne do t\u00eb mbaj\u00eb edhe Qeveria e Kosov\u00ebs.<\/p>\n<p>Fillimisht, n\u00eb or\u00ebn 07:00, do t\u00eb b\u00ebhet ngritja e Flamurit t\u00eb Republik\u00ebs s\u00eb Kosov\u00ebs.<\/p>\n<p>N\u00eb or\u00ebn 07:30 pastaj mbahet mbledhja e Qeveris\u00eb.<\/p>\n<p>M\u00eb pas vazhdohet me nderime te Monumenti i t\u00eb Pagjeturve dhe homazhe te Pllaka P\u00ebrkujtimore e F\u00ebmij\u00ebve t\u00eb Vrar\u00eb, tek varri i Presidentit Historik Ibrahim Rugova, tek varri i veprimtari Adem Dema\u00e7i dhe n\u00eb Kompleksin Memorial \u201cAdem Jashari\u201d n\u00eb Prekaz.<\/p>\n<p>Pas seanc\u00ebs s\u00eb Kuvendit, vazhdohet me nderime te Monumenti \u201cHeroinat\u201d dhe pastaj \u00ebsht\u00eb parakalimi i trupave t\u00eb Forc\u00ebs s\u00eb Siguris\u00eb s\u00eb Kosov\u00ebs dhe Policis\u00eb s\u00eb Kosov\u00ebs.<\/p>\n<p>N\u00eb mbr\u00ebmje \u00ebsht\u00eb pritja shtet\u00ebrore nga Presidentja, Kryeministri dhe Kryeparlamentarja. Pastaj vazhdohet me Koncertin Solemn t\u00eb Filharmonis\u00eb s\u00eb Kosov\u00ebs.<\/p>\n","protected":false},"excerpt":{"rendered":"<p>Kuvendi i Kosov\u00ebs do t\u00eb mblidhet nes\u00ebr p\u00ebr seanc\u00eb solemne me rastin e 18-vjetorit t\u00eb Pavar\u00ebsis\u00eb s\u00eb Kosov\u00ebs. N\u00eb njoftimin e Kuvendit b\u00ebhet me dije se seanca do t\u00eb mbahet n\u00eb or\u00ebn 10:30. Paraprakisht, mbledhje solemne do t\u00eb mbaj\u00eb edhe Qeveria e Kosov\u00ebs. Fillimisht, n\u00eb or\u00ebn 07:00, do t\u00eb b\u00ebhet ngritja e Flamurit t\u00eb Republik\u00ebs [&hellip;]<\/p>\n","protected":false},"author":1,"featured_media":227699,"comment_status":"closed","ping_status":"closed","sticky":false,"template":"","format":"standard","meta":{"footnotes":""},"categories":[5],"tags":[],"class_list":{"0":"post-227925","1":"post","2":"type-post","3":"status-publish","4":"format-standard","5":"has-post-thumbnail","7":"category-lajme"},"_links":{"self":[{"href":"https:\/\/radiostargjilan.com\/web\/wp-json\/wp\/v2\/posts\/227925","targetHints":{"allow":["GET"]}}],"collection":[{"href":"https:\/\/radiostargjilan.com\/web\/wp-json\/wp\/v2\/posts"}],"about":[{"href":"https:\/\/radiostargjilan.com\/web\/wp-json\/wp\/v2\/types\/post"}],"author":[{"embeddable":true,"href":"https:\/\/radiostargjilan.com\/web\/wp-json\/wp\/v2\/users\/1"}],"replies":[{"embeddable":true,"href":"https:\/\/radiostargjilan.com\/web\/wp-json\/wp\/v2\/comments?post=227925"}],"version-history":[{"count":1,"href":"https:\/\/radiostargjilan.com\/web\/wp-json\/wp\/v2\/posts\/227925\/revisions"}],"predecessor-version":[{"id":227926,"href":"https:\/\/radiostargjilan.com\/web\/wp-json\/wp\/v2\/posts\/227925\/revisions\/227926"}],"wp:featuredmedia":[{"embeddable":true,"href":"https:\/\/radiostargjilan.com\/web\/wp-json\/wp\/v2\/media\/227699"}],"wp:attachment":[{"href":"https:\/\/radiostargjilan.com\/web\/wp-json\/wp\/v2\/media?parent=227925"}],"wp:term":[{"taxonomy":"category","embeddable":true,"href":"https:\/\/radiostargjilan.com\/web\/wp-json\/wp\/v2\/categories?post=227925"},{"taxonomy":"post_tag","embeddable":true,"href":"https:\/\/radiostargjilan.com\/web\/wp-json\/wp\/v2\/tags?post=227925"}],"curies":[{"name":"wp","href":"https:\/\/api.w.org\/{rel}","templated":true}]}}