{"id":227989,"date":"2026-02-17T19:12:39","date_gmt":"2026-02-17T18:12:39","guid":{"rendered":"https:\/\/radiostargjilan.com\/web\/?p=227989"},"modified":"2026-02-17T19:12:39","modified_gmt":"2026-02-17T18:12:39","slug":"foto-te-rralla-sali-berisha-krah-adem-jasharit-dhe-ibrahim-rugoves","status":"publish","type":"post","link":"https:\/\/radiostargjilan.com\/web\/foto-te-rralla-sali-berisha-krah-adem-jasharit-dhe-ibrahim-rugoves\/","title":{"rendered":"Foto t\u00eb rralla: Sali Berisha krah Adem Jasharit dhe Ibrahim Rugov\u00ebs"},"content":{"rendered":"<p>Ish-kryeministri i Shqip\u00ebris\u00eb, Sali Berisha ka ndar\u00eb fotografi t\u00eb rralla n\u00eb Facebook, n\u00eb dit\u00ebn kur Kosova mbush 18 vjet shtet.<\/p>\n<p>Fotot t\u00eb cilat mund t\u2019i shihni m\u00eb posht\u00eb, shfaqin heroin legjendar Adem Jasharin, n\u00eb nj\u00eb grup burrash, dhe n\u00eb nj\u00eb tjet\u00ebr, Berish\u00ebn me Rugov\u00ebn.<\/p>\n<p>\u201cMe burrat e m\u00ebdhenj t\u00eb kombit ton\u00eb, Presidentin Ibrahim Rugova dhe komandantin legjendar Adem Jashari\u201d, ka shkruar Berisha.<\/p>\n","protected":false},"excerpt":{"rendered":"<p>Ish-kryeministri i Shqip\u00ebris\u00eb, Sali Berisha ka ndar\u00eb fotografi t\u00eb rralla n\u00eb Facebook, n\u00eb dit\u00ebn kur Kosova mbush 18 vjet shtet. Fotot t\u00eb cilat mund t\u2019i shihni m\u00eb posht\u00eb, shfaqin heroin legjendar Adem Jasharin, n\u00eb nj\u00eb grup burrash, dhe n\u00eb nj\u00eb tjet\u00ebr, Berish\u00ebn me Rugov\u00ebn. \u201cMe burrat e m\u00ebdhenj t\u00eb kombit ton\u00eb, Presidentin Ibrahim Rugova dhe [&hellip;]<\/p>\n","protected":false},"author":1,"featured_media":227990,"comment_status":"closed","ping_status":"closed","sticky":false,"template":"","format":"standard","meta":{"footnotes":""},"categories":[5],"tags":[],"class_list":{"0":"post-227989","1":"post","2":"type-post","3":"status-publish","4":"format-standard","5":"has-post-thumbnail","7":"category-lajme"},"_links":{"self":[{"href":"https:\/\/radiostargjilan.com\/web\/wp-json\/wp\/v2\/posts\/227989","targetHints":{"allow":["GET"]}}],"collection":[{"href":"https:\/\/radiostargjilan.com\/web\/wp-json\/wp\/v2\/posts"}],"about":[{"href":"https:\/\/radiostargjilan.com\/web\/wp-json\/wp\/v2\/types\/post"}],"author":[{"embeddable":true,"href":"https:\/\/radiostargjilan.com\/web\/wp-json\/wp\/v2\/users\/1"}],"replies":[{"embeddable":true,"href":"https:\/\/radiostargjilan.com\/web\/wp-json\/wp\/v2\/comments?post=227989"}],"version-history":[{"count":1,"href":"https:\/\/radiostargjilan.com\/web\/wp-json\/wp\/v2\/posts\/227989\/revisions"}],"predecessor-version":[{"id":227991,"href":"https:\/\/radiostargjilan.com\/web\/wp-json\/wp\/v2\/posts\/227989\/revisions\/227991"}],"wp:featuredmedia":[{"embeddable":true,"href":"https:\/\/radiostargjilan.com\/web\/wp-json\/wp\/v2\/media\/227990"}],"wp:attachment":[{"href":"https:\/\/radiostargjilan.com\/web\/wp-json\/wp\/v2\/media?parent=227989"}],"wp:term":[{"taxonomy":"category","embeddable":true,"href":"https:\/\/radiostargjilan.com\/web\/wp-json\/wp\/v2\/categories?post=227989"},{"taxonomy":"post_tag","embeddable":true,"href":"https:\/\/radiostargjilan.com\/web\/wp-json\/wp\/v2\/tags?post=227989"}],"curies":[{"name":"wp","href":"https:\/\/api.w.org\/{rel}","templated":true}]}}