{"id":227993,"date":"2026-02-17T21:04:25","date_gmt":"2026-02-17T20:04:25","guid":{"rendered":"https:\/\/radiostargjilan.com\/web\/?p=227993"},"modified":"2026-02-17T21:04:25","modified_gmt":"2026-02-17T20:04:25","slug":"mbahet-koncerti-per-femije-per-nder-te-18-vjetorit-te-pavaresise","status":"publish","type":"post","link":"https:\/\/radiostargjilan.com\/web\/mbahet-koncerti-per-femije-per-nder-te-18-vjetorit-te-pavaresise\/","title":{"rendered":"Mbahet koncerti p\u00ebr f\u00ebmij\u00eb p\u00ebr nder t\u00eb 18-vjetorit t\u00eb pavar\u00ebsis\u00eb"},"content":{"rendered":"<p>Kan\u00eb vazhduar aktivitetet me rastin e  p\u00ebrvjetorit t\u00eb 18-t\u00eb t\u00eb pavar\u00ebsis\u00eb s\u00eb Kosov\u00ebs, organizuar nga Komuna e Gjilanit.<\/p>\n<p>Aktivitetet vazhduan me koncertin p\u00ebr f\u00ebmij\u00eb n\u00eb Teatrin e Qytetit. <\/p>\n<p>Kryetari i Komun\u00ebs s\u00eb Gjilanit, Alban Hyseni, tha se f\u00ebmij\u00ebt festojn\u00eb.<\/p>\n<p>Ai tregoi se n\u00ebn koreografin\u00eb e Naski Dance House, f\u00ebmij\u00ebt e qytetit soll\u00ebn n\u00eb sken\u00eb nj\u00eb program t\u00eb mrekulluesh\u00ebm artistik, plot rit\u00ebm, ngjyra dhe emocione. <\/p>\n<p>&#8220;Me energjin\u00eb dhe buz\u00ebqeshjet e tyre, ata e b\u00ebn\u00eb fest\u00ebn edhe m\u00eb t\u00eb ve\u00e7ant\u00eb, duke d\u00ebshmuar se 17 shkurti jeton fuqish\u00ebm n\u00eb zemrat e brezit t\u00eb ri&#8221;, tha kryetari Alban Hyseni.<\/p>\n","protected":false},"excerpt":{"rendered":"<p>Kan\u00eb vazhduar aktivitetet me rastin e p\u00ebrvjetorit t\u00eb 18-t\u00eb t\u00eb pavar\u00ebsis\u00eb s\u00eb Kosov\u00ebs, organizuar nga Komuna e Gjilanit. Aktivitetet vazhduan me koncertin p\u00ebr f\u00ebmij\u00eb n\u00eb Teatrin e Qytetit. Kryetari i Komun\u00ebs s\u00eb Gjilanit, Alban Hyseni, tha se f\u00ebmij\u00ebt festojn\u00eb. Ai tregoi se n\u00ebn koreografin\u00eb e Naski Dance House, f\u00ebmij\u00ebt e qytetit soll\u00ebn n\u00eb sken\u00eb nj\u00eb [&hellip;]<\/p>\n","protected":false},"author":1,"featured_media":227994,"comment_status":"closed","ping_status":"closed","sticky":false,"template":"","format":"standard","meta":{"footnotes":""},"categories":[5],"tags":[],"class_list":{"0":"post-227993","1":"post","2":"type-post","3":"status-publish","4":"format-standard","5":"has-post-thumbnail","7":"category-lajme"},"_links":{"self":[{"href":"https:\/\/radiostargjilan.com\/web\/wp-json\/wp\/v2\/posts\/227993","targetHints":{"allow":["GET"]}}],"collection":[{"href":"https:\/\/radiostargjilan.com\/web\/wp-json\/wp\/v2\/posts"}],"about":[{"href":"https:\/\/radiostargjilan.com\/web\/wp-json\/wp\/v2\/types\/post"}],"author":[{"embeddable":true,"href":"https:\/\/radiostargjilan.com\/web\/wp-json\/wp\/v2\/users\/1"}],"replies":[{"embeddable":true,"href":"https:\/\/radiostargjilan.com\/web\/wp-json\/wp\/v2\/comments?post=227993"}],"version-history":[{"count":1,"href":"https:\/\/radiostargjilan.com\/web\/wp-json\/wp\/v2\/posts\/227993\/revisions"}],"predecessor-version":[{"id":227995,"href":"https:\/\/radiostargjilan.com\/web\/wp-json\/wp\/v2\/posts\/227993\/revisions\/227995"}],"wp:featuredmedia":[{"embeddable":true,"href":"https:\/\/radiostargjilan.com\/web\/wp-json\/wp\/v2\/media\/227994"}],"wp:attachment":[{"href":"https:\/\/radiostargjilan.com\/web\/wp-json\/wp\/v2\/media?parent=227993"}],"wp:term":[{"taxonomy":"category","embeddable":true,"href":"https:\/\/radiostargjilan.com\/web\/wp-json\/wp\/v2\/categories?post=227993"},{"taxonomy":"post_tag","embeddable":true,"href":"https:\/\/radiostargjilan.com\/web\/wp-json\/wp\/v2\/tags?post=227993"}],"curies":[{"name":"wp","href":"https:\/\/api.w.org\/{rel}","templated":true}]}}