{"id":227996,"date":"2026-02-17T21:52:12","date_gmt":"2026-02-17T20:52:12","guid":{"rendered":"https:\/\/radiostargjilan.com\/web\/?p=227996"},"modified":"2026-02-17T21:52:12","modified_gmt":"2026-02-17T20:52:12","slug":"alban-beqiraj-emerohet-keshilltar-politik-ne-kabinetin-e-ministrit-te-infrastruktures-dimal-basha","status":"publish","type":"post","link":"https:\/\/radiostargjilan.com\/web\/alban-beqiraj-emerohet-keshilltar-politik-ne-kabinetin-e-ministrit-te-infrastruktures-dimal-basha\/","title":{"rendered":"Alban Beqiraj em\u00ebrohet K\u00ebshilltar Politik n\u00eb kabinetin e Ministrit t\u00eb Infrastruktur\u00ebs, Dimal Basha"},"content":{"rendered":"<p>Alban Beqiraj \u00ebsht\u00eb em\u00ebruar K\u00ebshilltar Politik n\u00eb kabinetin e Ministrit t\u00eb Infrastruktur\u00ebs, z. Dimal Basha, duke sjell\u00eb me vete nj\u00eb p\u00ebrvoj\u00eb t\u00eb gjer\u00eb profesionale n\u00eb menaxhim financiar, sektorin bankar dhe administrat\u00eb publike.<\/p>\n<p>I diplomuar n\u00eb Ekonomi, Beqiraj ka nd\u00ebrtuar nj\u00eb karrier\u00eb t\u00eb konsoliduar brenda dhe jasht\u00eb vendit, me angazhim n\u00eb projekte financiare nd\u00ebrkomb\u00ebtare n\u00eb Afganistan, Irak dhe Poloni, n\u00eb kuad\u00ebr t\u00eb iniciativave t\u00eb mb\u00ebshtetura nga ushtria amerikane. P\u00ebrvoja e tij nd\u00ebrkomb\u00ebtare ka p\u00ebrfshir\u00eb mbik\u00ebqyrje financiare dhe menaxhim t\u00eb projekteve me standarde t\u00eb larta profesionale.<\/p>\n<p>N\u00eb Kosov\u00eb, ai ka ushtruar detyr\u00ebn e zyrtarit t\u00eb lart\u00eb p\u00ebr korporata n\u00eb sektorin bankar, duke kontribuar n\u00eb menaxhimin dhe zhvillimin e marr\u00ebdh\u00ebnieve me bizneset dhe institucionet financiare. Gjithashtu, ka sh\u00ebrbyer si mbik\u00ebqyr\u00ebs financiar n\u00eb projekte nd\u00ebrkomb\u00ebtare, duke d\u00ebshmuar ekspertiz\u00eb n\u00eb analiza ekonomike dhe administrim t\u00eb fondeve.<\/p>\n<p>S\u00eb fundmi, Beqiraj ishte pjes\u00eb e kabinetit t\u00eb Kryetarit t\u00eb Kuvendit t\u00eb Republik\u00ebs s\u00eb Kosov\u00ebs, ku u angazhua n\u00eb \u00e7\u00ebshtje t\u00eb koordinimit institucional dhe mb\u00ebshtetjes s\u00eb proceseve vendimmarr\u00ebse.<\/p>\n<p>Me p\u00ebrvoj\u00ebn e tij n\u00eb menaxhim financiar, analiza ekonomike dhe administrat\u00eb publike, Alban Beqiraj pritet t\u00eb jap\u00eb kontribut t\u00eb r\u00ebnd\u00ebsish\u00ebm n\u00eb avancimin e politikave dhe realizimin e projekteve strategjike n\u00eb sektorin e infrastruktur\u00ebs.\/Radio Star\/<\/p>\n","protected":false},"excerpt":{"rendered":"<p>Alban Beqiraj \u00ebsht\u00eb em\u00ebruar K\u00ebshilltar Politik n\u00eb kabinetin e Ministrit t\u00eb Infrastruktur\u00ebs, z. Dimal Basha, duke sjell\u00eb me vete nj\u00eb p\u00ebrvoj\u00eb t\u00eb gjer\u00eb profesionale n\u00eb menaxhim financiar, sektorin bankar dhe administrat\u00eb publike. I diplomuar n\u00eb Ekonomi, Beqiraj ka nd\u00ebrtuar nj\u00eb karrier\u00eb t\u00eb konsoliduar brenda dhe jasht\u00eb vendit, me angazhim n\u00eb projekte financiare nd\u00ebrkomb\u00ebtare n\u00eb Afganistan, [&hellip;]<\/p>\n","protected":false},"author":1,"featured_media":227997,"comment_status":"closed","ping_status":"closed","sticky":false,"template":"","format":"standard","meta":{"footnotes":""},"categories":[5],"tags":[],"class_list":{"0":"post-227996","1":"post","2":"type-post","3":"status-publish","4":"format-standard","5":"has-post-thumbnail","7":"category-lajme"},"_links":{"self":[{"href":"https:\/\/radiostargjilan.com\/web\/wp-json\/wp\/v2\/posts\/227996","targetHints":{"allow":["GET"]}}],"collection":[{"href":"https:\/\/radiostargjilan.com\/web\/wp-json\/wp\/v2\/posts"}],"about":[{"href":"https:\/\/radiostargjilan.com\/web\/wp-json\/wp\/v2\/types\/post"}],"author":[{"embeddable":true,"href":"https:\/\/radiostargjilan.com\/web\/wp-json\/wp\/v2\/users\/1"}],"replies":[{"embeddable":true,"href":"https:\/\/radiostargjilan.com\/web\/wp-json\/wp\/v2\/comments?post=227996"}],"version-history":[{"count":1,"href":"https:\/\/radiostargjilan.com\/web\/wp-json\/wp\/v2\/posts\/227996\/revisions"}],"predecessor-version":[{"id":227998,"href":"https:\/\/radiostargjilan.com\/web\/wp-json\/wp\/v2\/posts\/227996\/revisions\/227998"}],"wp:featuredmedia":[{"embeddable":true,"href":"https:\/\/radiostargjilan.com\/web\/wp-json\/wp\/v2\/media\/227997"}],"wp:attachment":[{"href":"https:\/\/radiostargjilan.com\/web\/wp-json\/wp\/v2\/media?parent=227996"}],"wp:term":[{"taxonomy":"category","embeddable":true,"href":"https:\/\/radiostargjilan.com\/web\/wp-json\/wp\/v2\/categories?post=227996"},{"taxonomy":"post_tag","embeddable":true,"href":"https:\/\/radiostargjilan.com\/web\/wp-json\/wp\/v2\/tags?post=227996"}],"curies":[{"name":"wp","href":"https:\/\/api.w.org\/{rel}","templated":true}]}}