{"id":228000,"date":"2026-02-17T22:05:12","date_gmt":"2026-02-17T21:05:12","guid":{"rendered":"https:\/\/radiostargjilan.com\/web\/?p=228000"},"modified":"2026-02-17T22:05:12","modified_gmt":"2026-02-17T21:05:12","slug":"korqa-ne-diten-e-pavaresise-mirenjohje-per-mbeshtetjen-vendimtare-te-shteteve-te-bashkuara-te-amerikes","status":"publish","type":"post","link":"https:\/\/radiostargjilan.com\/web\/korqa-ne-diten-e-pavaresise-mirenjohje-per-mbeshtetjen-vendimtare-te-shteteve-te-bashkuara-te-amerikes\/","title":{"rendered":"Korqa: N\u00eb Dit\u00ebn e Pavar\u00ebsis\u00eb, mir\u00ebnjohje p\u00ebr mb\u00ebshtetjen vendimtare t\u00eb Shteteve t\u00eb Bashkuara t\u00eb Amerik\u00ebs"},"content":{"rendered":"<p>N\u00eb Dit\u00ebn e Pavar\u00ebsis\u00eb s\u00eb Kosov\u00ebs \ud83c\uddfd\ud83c\uddf0, Burim Korqa ka rikujtuar rolin dhe mb\u00ebshtetjen vendimtare t\u00eb Shteteve t\u00eb Bashkuara t\u00eb Amerik\u00ebs \ud83c\uddfa\ud83c\uddf8 n\u00eb rrug\u00ebtimin e vendit drejt liris\u00eb dhe shtet\u00ebsis\u00eb.<\/p>\n<p>P\u00ebrmes nj\u00eb shkrimi t\u00eb publikuar n\u00eb llogarin\u00eb e tij n\u00eb Facebook, Korqa ka theksuar se n\u00eb k\u00ebt\u00eb dit\u00eb t\u00eb sh\u00ebnuar nuk duhet harruar p\u00ebrkrahja e SHBA-s\u00eb n\u00eb momentet m\u00eb t\u00eb v\u00ebshtira t\u00eb historis\u00eb s\u00eb Kosov\u00ebs. Sipas tij, miq\u00ebsia dhe partneriteti me Shtetet e Bashkuara mbeten pjes\u00eb e pandashme e rrug\u00ebtimit dhe konsolidimit t\u00eb shtetit.<\/p>\n<p>Ai ka n\u00ebnvizuar se mb\u00ebshtetja amerikane ka qen\u00eb thelb\u00ebsore p\u00ebr lirin\u00eb, nd\u00ebrtimin e institucioneve dhe forcimin e subjektivitetit nd\u00ebrkomb\u00ebtar t\u00eb Kosov\u00ebs.<\/p>\n<p>\u201cUrime Pavar\u00ebsia, Kosov\u00eb! Zoti e bekoft\u00eb Kosov\u00ebn. Zoti e bekoft\u00eb Amerik\u00ebn,\u201d ka shkruar Burim Korqa n\u00eb mesazhin e tij.<\/p>\n","protected":false},"excerpt":{"rendered":"<p>N\u00eb Dit\u00ebn e Pavar\u00ebsis\u00eb s\u00eb Kosov\u00ebs \ud83c\uddfd\ud83c\uddf0, Burim Korqa ka rikujtuar rolin dhe mb\u00ebshtetjen vendimtare t\u00eb Shteteve t\u00eb Bashkuara t\u00eb Amerik\u00ebs \ud83c\uddfa\ud83c\uddf8 n\u00eb rrug\u00ebtimin e vendit drejt liris\u00eb dhe shtet\u00ebsis\u00eb. P\u00ebrmes nj\u00eb shkrimi t\u00eb publikuar n\u00eb llogarin\u00eb e tij n\u00eb Facebook, Korqa ka theksuar se n\u00eb k\u00ebt\u00eb dit\u00eb t\u00eb sh\u00ebnuar nuk duhet harruar p\u00ebrkrahja e [&hellip;]<\/p>\n","protected":false},"author":1,"featured_media":228001,"comment_status":"closed","ping_status":"closed","sticky":false,"template":"","format":"standard","meta":{"footnotes":""},"categories":[5],"tags":[],"class_list":{"0":"post-228000","1":"post","2":"type-post","3":"status-publish","4":"format-standard","5":"has-post-thumbnail","7":"category-lajme"},"_links":{"self":[{"href":"https:\/\/radiostargjilan.com\/web\/wp-json\/wp\/v2\/posts\/228000","targetHints":{"allow":["GET"]}}],"collection":[{"href":"https:\/\/radiostargjilan.com\/web\/wp-json\/wp\/v2\/posts"}],"about":[{"href":"https:\/\/radiostargjilan.com\/web\/wp-json\/wp\/v2\/types\/post"}],"author":[{"embeddable":true,"href":"https:\/\/radiostargjilan.com\/web\/wp-json\/wp\/v2\/users\/1"}],"replies":[{"embeddable":true,"href":"https:\/\/radiostargjilan.com\/web\/wp-json\/wp\/v2\/comments?post=228000"}],"version-history":[{"count":1,"href":"https:\/\/radiostargjilan.com\/web\/wp-json\/wp\/v2\/posts\/228000\/revisions"}],"predecessor-version":[{"id":228002,"href":"https:\/\/radiostargjilan.com\/web\/wp-json\/wp\/v2\/posts\/228000\/revisions\/228002"}],"wp:featuredmedia":[{"embeddable":true,"href":"https:\/\/radiostargjilan.com\/web\/wp-json\/wp\/v2\/media\/228001"}],"wp:attachment":[{"href":"https:\/\/radiostargjilan.com\/web\/wp-json\/wp\/v2\/media?parent=228000"}],"wp:term":[{"taxonomy":"category","embeddable":true,"href":"https:\/\/radiostargjilan.com\/web\/wp-json\/wp\/v2\/categories?post=228000"},{"taxonomy":"post_tag","embeddable":true,"href":"https:\/\/radiostargjilan.com\/web\/wp-json\/wp\/v2\/tags?post=228000"}],"curies":[{"name":"wp","href":"https:\/\/api.w.org\/{rel}","templated":true}]}}