{"id":228067,"date":"2026-02-18T19:28:33","date_gmt":"2026-02-18T18:28:33","guid":{"rendered":"https:\/\/radiostargjilan.com\/web\/?p=228067"},"modified":"2026-02-18T19:28:33","modified_gmt":"2026-02-18T18:28:33","slug":"hajrulla-ceku-merr-drejtimin-e-ministrise-se-arsimit","status":"publish","type":"post","link":"https:\/\/radiostargjilan.com\/web\/hajrulla-ceku-merr-drejtimin-e-ministrise-se-arsimit\/","title":{"rendered":"Hajrulla \u00c7eku merr drejtimin e Ministris\u00eb s\u00eb Arsimit"},"content":{"rendered":"<p>Hajrulla \u00c7eku i cili ka sh\u00ebrbyer si minist\u00ebr i Kultur\u00ebs, e ka pranuar detyr\u00ebn e re si udh\u00ebheq\u00ebs i dikasterit qeveritar t\u00eb arsimit.<\/p>\n<p>Ai n\u00eb rrjetet sociale mes tjerash ka shkruar se \u00e7do dit\u00eb t\u00eb sh\u00ebrbimit ndaj arsimit dhe shkenc\u00ebs do ta trajtoj\u00eb me seriozitet.<\/p>\n<p>\u201cSot e pranova detyr\u00ebn e re. E fal\u00ebnderoj ministren e deritanishme, Arb\u00ebrie Nagavci, p\u00ebr sh\u00ebrbimin ndaj vendit, duke i uruar suksese n\u00eb detyr\u00ebn e radh\u00ebs me shum\u00eb p\u00ebrgjegj\u00ebsi, at\u00eb t\u00eb Kryetares s\u00eb Grupit Parlamentar t\u00eb L\u00ebvizjes VET\u00cbVENDOSJE!\u201d<\/p>\n<p>\u201c\u00c7do dit\u00eb t\u00eb sh\u00ebrbimit tim ndaj arsimit e shkenc\u00ebs do ta trajtoj me seriozitetin m\u00eb t\u00eb lart\u00eb moral e profesional. Pun\u00ebt e mira t\u00eb nisura do t\u00eb vazhdojn\u00eb pa hezitim, nismat e reja do t\u00eb nd\u00ebrmerren sipas programit t\u00eb qeveris\u00eb s\u00eb re.Na prift\u00eb e mbara!\u201d, shkroi \u00c7eku<\/p>\n","protected":false},"excerpt":{"rendered":"<p>Hajrulla \u00c7eku i cili ka sh\u00ebrbyer si minist\u00ebr i Kultur\u00ebs, e ka pranuar detyr\u00ebn e re si udh\u00ebheq\u00ebs i dikasterit qeveritar t\u00eb arsimit. Ai n\u00eb rrjetet sociale mes tjerash ka shkruar se \u00e7do dit\u00eb t\u00eb sh\u00ebrbimit ndaj arsimit dhe shkenc\u00ebs do ta trajtoj\u00eb me seriozitet. \u201cSot e pranova detyr\u00ebn e re. E fal\u00ebnderoj ministren e [&hellip;]<\/p>\n","protected":false},"author":1,"featured_media":228068,"comment_status":"closed","ping_status":"closed","sticky":false,"template":"","format":"standard","meta":{"footnotes":""},"categories":[5],"tags":[],"class_list":{"0":"post-228067","1":"post","2":"type-post","3":"status-publish","4":"format-standard","5":"has-post-thumbnail","7":"category-lajme"},"_links":{"self":[{"href":"https:\/\/radiostargjilan.com\/web\/wp-json\/wp\/v2\/posts\/228067","targetHints":{"allow":["GET"]}}],"collection":[{"href":"https:\/\/radiostargjilan.com\/web\/wp-json\/wp\/v2\/posts"}],"about":[{"href":"https:\/\/radiostargjilan.com\/web\/wp-json\/wp\/v2\/types\/post"}],"author":[{"embeddable":true,"href":"https:\/\/radiostargjilan.com\/web\/wp-json\/wp\/v2\/users\/1"}],"replies":[{"embeddable":true,"href":"https:\/\/radiostargjilan.com\/web\/wp-json\/wp\/v2\/comments?post=228067"}],"version-history":[{"count":1,"href":"https:\/\/radiostargjilan.com\/web\/wp-json\/wp\/v2\/posts\/228067\/revisions"}],"predecessor-version":[{"id":228069,"href":"https:\/\/radiostargjilan.com\/web\/wp-json\/wp\/v2\/posts\/228067\/revisions\/228069"}],"wp:featuredmedia":[{"embeddable":true,"href":"https:\/\/radiostargjilan.com\/web\/wp-json\/wp\/v2\/media\/228068"}],"wp:attachment":[{"href":"https:\/\/radiostargjilan.com\/web\/wp-json\/wp\/v2\/media?parent=228067"}],"wp:term":[{"taxonomy":"category","embeddable":true,"href":"https:\/\/radiostargjilan.com\/web\/wp-json\/wp\/v2\/categories?post=228067"},{"taxonomy":"post_tag","embeddable":true,"href":"https:\/\/radiostargjilan.com\/web\/wp-json\/wp\/v2\/tags?post=228067"}],"curies":[{"name":"wp","href":"https:\/\/api.w.org\/{rel}","templated":true}]}}