{"id":228070,"date":"2026-02-18T20:30:56","date_gmt":"2026-02-18T19:30:56","guid":{"rendered":"https:\/\/radiostargjilan.com\/web\/?p=228070"},"modified":"2026-02-18T20:30:56","modified_gmt":"2026-02-18T19:30:56","slug":"presidentja-vjosa-osmani-uron-ramazanin-paqe-miresi-dhe-solidaritet-mes-njerezve","status":"publish","type":"post","link":"https:\/\/radiostargjilan.com\/web\/presidentja-vjosa-osmani-uron-ramazanin-paqe-miresi-dhe-solidaritet-mes-njerezve\/","title":{"rendered":"Presidentja Vjosa Osmani uron Ramazanin: Paqe, mir\u00ebsi dhe solidaritet mes njer\u00ebzve"},"content":{"rendered":"<p>Presidentja e Kosov\u00ebs, Vjosa Osmani, ka uruar fillimin e muajit t\u00eb shenjt\u00eb t\u00eb Ramazanit, duke p\u00ebrcjell\u00eb mesazhe paqeje, mir\u00ebsie dhe solidariteti p\u00ebr t\u00eb gjith\u00eb besimtar\u00ebt mysliman\u00eb.<\/p>\n<p>\u201cLe t\u00eb sjell\u00eb ky muaj i bekuar m\u00eb shum\u00eb paqe n\u00eb zemrat e secilit, m\u00eb shum\u00eb mir\u00ebsi dhe m\u00eb shum\u00eb solidaritet n\u00eb vepra. Ramazani \u00ebsht\u00eb koh\u00eb reflektimi dhe afrimi me nj\u00ebri-tjetrin. Uroj q\u00eb sofrat tuaja t\u00eb jen\u00eb t\u00eb mbushura me begati e sht\u00ebpit\u00eb me harmoni. Agj\u00ebrim t\u00eb leht\u00eb e t\u00eb pranuar!\u201d, ka shkruar Osmani<\/p>\n","protected":false},"excerpt":{"rendered":"<p>Presidentja e Kosov\u00ebs, Vjosa Osmani, ka uruar fillimin e muajit t\u00eb shenjt\u00eb t\u00eb Ramazanit, duke p\u00ebrcjell\u00eb mesazhe paqeje, mir\u00ebsie dhe solidariteti p\u00ebr t\u00eb gjith\u00eb besimtar\u00ebt mysliman\u00eb. \u201cLe t\u00eb sjell\u00eb ky muaj i bekuar m\u00eb shum\u00eb paqe n\u00eb zemrat e secilit, m\u00eb shum\u00eb mir\u00ebsi dhe m\u00eb shum\u00eb solidaritet n\u00eb vepra. Ramazani \u00ebsht\u00eb koh\u00eb reflektimi dhe afrimi [&hellip;]<\/p>\n","protected":false},"author":1,"featured_media":228071,"comment_status":"closed","ping_status":"closed","sticky":false,"template":"","format":"standard","meta":{"footnotes":""},"categories":[5],"tags":[],"class_list":{"0":"post-228070","1":"post","2":"type-post","3":"status-publish","4":"format-standard","5":"has-post-thumbnail","7":"category-lajme"},"_links":{"self":[{"href":"https:\/\/radiostargjilan.com\/web\/wp-json\/wp\/v2\/posts\/228070","targetHints":{"allow":["GET"]}}],"collection":[{"href":"https:\/\/radiostargjilan.com\/web\/wp-json\/wp\/v2\/posts"}],"about":[{"href":"https:\/\/radiostargjilan.com\/web\/wp-json\/wp\/v2\/types\/post"}],"author":[{"embeddable":true,"href":"https:\/\/radiostargjilan.com\/web\/wp-json\/wp\/v2\/users\/1"}],"replies":[{"embeddable":true,"href":"https:\/\/radiostargjilan.com\/web\/wp-json\/wp\/v2\/comments?post=228070"}],"version-history":[{"count":1,"href":"https:\/\/radiostargjilan.com\/web\/wp-json\/wp\/v2\/posts\/228070\/revisions"}],"predecessor-version":[{"id":228072,"href":"https:\/\/radiostargjilan.com\/web\/wp-json\/wp\/v2\/posts\/228070\/revisions\/228072"}],"wp:featuredmedia":[{"embeddable":true,"href":"https:\/\/radiostargjilan.com\/web\/wp-json\/wp\/v2\/media\/228071"}],"wp:attachment":[{"href":"https:\/\/radiostargjilan.com\/web\/wp-json\/wp\/v2\/media?parent=228070"}],"wp:term":[{"taxonomy":"category","embeddable":true,"href":"https:\/\/radiostargjilan.com\/web\/wp-json\/wp\/v2\/categories?post=228070"},{"taxonomy":"post_tag","embeddable":true,"href":"https:\/\/radiostargjilan.com\/web\/wp-json\/wp\/v2\/tags?post=228070"}],"curies":[{"name":"wp","href":"https:\/\/api.w.org\/{rel}","templated":true}]}}