{"id":228073,"date":"2026-02-18T21:54:49","date_gmt":"2026-02-18T20:54:49","guid":{"rendered":"https:\/\/radiostargjilan.com\/web\/?p=228073"},"modified":"2026-02-18T21:54:49","modified_gmt":"2026-02-18T20:54:49","slug":"reuters-citon-thacin-drejtesia-per-viktimat-smund-te-permbushet-duke-i-denuar-te-pafajshmit","status":"publish","type":"post","link":"https:\/\/radiostargjilan.com\/web\/reuters-citon-thacin-drejtesia-per-viktimat-smund-te-permbushet-duke-i-denuar-te-pafajshmit\/","title":{"rendered":"Reuters citon Tha\u00e7in: Drejt\u00ebsia p\u00ebr viktimat s\u2019mund t\u00eb p\u00ebrmbushet duke i d\u00ebnuar t\u00eb pafajshmit"},"content":{"rendered":"<p>Ish-Presidenti i Kosov\u00ebs, Hashim Tha\u00e7i, u tha gjyqtar\u00ebve n\u00eb gjyqin e tij p\u00ebr krime lufte n\u00eb Hag\u00eb t\u00eb m\u00ebrkur\u00ebn se drejt\u00ebsia nuk mund t\u00eb vihet n\u00eb vend duke \u201cndjekur penalisht t\u00eb pafajshmit\u201d.<\/p>\n<p>Tha\u00e7i dhe tre ish-komandant\u00eb t\u00eb tjer\u00eb t\u00eb Ushtris\u00eb \u00c7lirimtare t\u00eb Kosov\u00ebs akuzohen p\u00ebr persekutim, vrasje, tortur\u00eb dhe zhdukje me forc\u00eb t\u00eb njer\u00ebzve gjat\u00eb dhe menj\u00ebher\u00eb pas kryengritjes s\u00eb viteve 1998-99 q\u00eb p\u00ebrfundimisht solli pavar\u00ebsin\u00eb e rajonit me shumic\u00eb shqiptare nga Serbia, ka shkruar Reuters p\u00ebr procesin e sot\u00ebm gjyq\u00ebsor n\u00eb Hag\u00eb.<\/p>\n<p>Ata i mohojn\u00eb t\u00eb gjitha akuzat.<\/p>\n<p>\u201cDrejt\u00ebsia p\u00ebr viktimat nuk mund t\u00eb nderohet duke ndjekur penalisht t\u00eb pafajshmit, pajtimi nuk mund t\u00eb ndodh\u00eb p\u00ebrmes ndjekjeve penale selektive dhe t\u00eb bazuara n\u00eb etni\u201d, tha Tha\u00e7i n\u00eb komentet e tij p\u00ebrfundimtare p\u00ebrpara gjykat\u00ebs para vendimit, i cili pritet brenda tre muajsh.<\/p>\n<p>Tha\u00e7i, 57 vje\u00e7, i p\u00ebrshkroi akuzat e prokuroris\u00eb se ai dhe t\u00eb bashk\u00ebpandehurit organizuan nj\u00eb fushat\u00eb t\u00eb dhunshme p\u00ebr t\u00eb fituar kontrollin politik t\u00eb Kosov\u00ebs si \u201ct\u00eb pav\u00ebrteta, krejt\u00ebsisht absurde dhe thell\u00ebsisht ofenduese\u201d.<\/p>\n<p>Ekipi i tij mbrojt\u00ebs ka th\u00ebn\u00eb se nuk ka prova q\u00eb e lidhin drejtp\u00ebrdrejt Tha\u00e7in me ndonj\u00eb nga krimet e supozuara dhe se nuk kishte prova t\u00eb mjaftueshme p\u00ebr t\u00eb th\u00ebn\u00eb se ai kontrollonte komandant\u00eb t\u00eb tjer\u00eb t\u00eb U\u00c7K-s\u00eb.<\/p>\n<p>Jav\u00ebn e kaluar, prokuror\u00ebt k\u00ebrkuan nj\u00eb d\u00ebnim me 45 vjet burg p\u00ebr Tha\u00e7in dhe t\u00eb tjer\u00ebt pas nj\u00eb gjyqi gati trevje\u00e7ar.<\/p>\n<p>Ata thon\u00eb se n\u00eb vitet 1998 dhe 1999 m\u00eb shum\u00eb se 100 kund\u00ebrshtar\u00eb politik\u00eb dhe bashk\u00ebpun\u00ebtor\u00eb t\u00eb dyshuar me forcat serbe t\u00eb siguris\u00eb u vran\u00eb dhe qindra t\u00eb tjer\u00eb u abuzuan n\u00eb rreth 50 kampe paraburgimi t\u00eb drejtuara nga U\u00c7K-ja.<\/p>\n<p>Tha\u00e7i dhe tre t\u00eb pandehurit e tjer\u00eb \u2013 ish-kryetar\u00ebt e parlamentit Jakup Krasniqi dhe Kadri Veseli, dhe ish-ligjv\u00ebn\u00ebsi Rexhep Selimi \u2013 u arrestuan n\u00eb vitin 2020 dhe u d\u00ebrguan p\u00ebr t\u2019u p\u00ebrballur me gjyqin n\u00eb gjykat\u00ebn speciale t\u00eb krimeve t\u00eb luft\u00ebs n\u00eb Hag\u00eb.<\/p>\n<p>M\u00eb shum\u00eb se 13,000 njer\u00ebz, kryesisht shqiptar\u00eb t\u00eb Kosov\u00ebs, besohet se kan\u00eb vdekur gjat\u00eb kryengritjes s\u00eb fundit t\u00eb viteve 1990, kur Kosova ishte ende nj\u00eb provinc\u00eb e Serbis\u00eb n\u00ebn presidentin e at\u00ebhersh\u00ebm Slobodan Millosheviq, trupat e t\u00eb cilit shtyp\u00ebn me dhun\u00eb shqiptar\u00ebt etnik\u00eb.<\/p>\n<p>Udh\u00ebheq\u00ebsit e U\u00c7K-s\u00eb shihen nga shum\u00eb njer\u00ebz n\u00eb Kosov\u00eb si heronj t\u00eb \u00e7lirimit komb\u00ebtar. Mij\u00ebra njer\u00ebz u mblodh\u00ebn n\u00eb Prishtin\u00eb t\u00eb mart\u00ebn n\u00eb mb\u00ebshtetje t\u00eb ish-komandant\u00ebve t\u00eb U\u00c7K-s\u00eb.<\/p>\n","protected":false},"excerpt":{"rendered":"<p>Ish-Presidenti i Kosov\u00ebs, Hashim Tha\u00e7i, u tha gjyqtar\u00ebve n\u00eb gjyqin e tij p\u00ebr krime lufte n\u00eb Hag\u00eb t\u00eb m\u00ebrkur\u00ebn se drejt\u00ebsia nuk mund t\u00eb vihet n\u00eb vend duke \u201cndjekur penalisht t\u00eb pafajshmit\u201d. Tha\u00e7i dhe tre ish-komandant\u00eb t\u00eb tjer\u00eb t\u00eb Ushtris\u00eb \u00c7lirimtare t\u00eb Kosov\u00ebs akuzohen p\u00ebr persekutim, vrasje, tortur\u00eb dhe zhdukje me forc\u00eb t\u00eb njer\u00ebzve gjat\u00eb [&hellip;]<\/p>\n","protected":false},"author":1,"featured_media":228074,"comment_status":"closed","ping_status":"closed","sticky":false,"template":"","format":"standard","meta":{"footnotes":""},"categories":[5],"tags":[],"class_list":{"0":"post-228073","1":"post","2":"type-post","3":"status-publish","4":"format-standard","5":"has-post-thumbnail","7":"category-lajme"},"_links":{"self":[{"href":"https:\/\/radiostargjilan.com\/web\/wp-json\/wp\/v2\/posts\/228073","targetHints":{"allow":["GET"]}}],"collection":[{"href":"https:\/\/radiostargjilan.com\/web\/wp-json\/wp\/v2\/posts"}],"about":[{"href":"https:\/\/radiostargjilan.com\/web\/wp-json\/wp\/v2\/types\/post"}],"author":[{"embeddable":true,"href":"https:\/\/radiostargjilan.com\/web\/wp-json\/wp\/v2\/users\/1"}],"replies":[{"embeddable":true,"href":"https:\/\/radiostargjilan.com\/web\/wp-json\/wp\/v2\/comments?post=228073"}],"version-history":[{"count":1,"href":"https:\/\/radiostargjilan.com\/web\/wp-json\/wp\/v2\/posts\/228073\/revisions"}],"predecessor-version":[{"id":228075,"href":"https:\/\/radiostargjilan.com\/web\/wp-json\/wp\/v2\/posts\/228073\/revisions\/228075"}],"wp:featuredmedia":[{"embeddable":true,"href":"https:\/\/radiostargjilan.com\/web\/wp-json\/wp\/v2\/media\/228074"}],"wp:attachment":[{"href":"https:\/\/radiostargjilan.com\/web\/wp-json\/wp\/v2\/media?parent=228073"}],"wp:term":[{"taxonomy":"category","embeddable":true,"href":"https:\/\/radiostargjilan.com\/web\/wp-json\/wp\/v2\/categories?post=228073"},{"taxonomy":"post_tag","embeddable":true,"href":"https:\/\/radiostargjilan.com\/web\/wp-json\/wp\/v2\/tags?post=228073"}],"curies":[{"name":"wp","href":"https:\/\/api.w.org\/{rel}","templated":true}]}}