{"id":228076,"date":"2026-02-18T22:30:54","date_gmt":"2026-02-18T21:30:54","guid":{"rendered":"https:\/\/radiostargjilan.com\/web\/?p=228076"},"modified":"2026-02-18T22:30:54","modified_gmt":"2026-02-18T21:30:54","slug":"ramadani-fc-drita-te-ruaje-identitetin-ndaj-nk-celje-kualifikimi-i-veshtire-por-jo-i-pamundur","status":"publish","type":"post","link":"https:\/\/radiostargjilan.com\/web\/ramadani-fc-drita-te-ruaje-identitetin-ndaj-nk-celje-kualifikimi-i-veshtire-por-jo-i-pamundur\/","title":{"rendered":"Ramadani: \u201cFC Drita t\u00eb ruaj\u00eb identitetin ndaj NK Celje \u2013 kualifikimi i v\u00ebshtir\u00eb, por jo i pamundur\u201d"},"content":{"rendered":"<p>FC Drita \u00ebsht\u00eb gati p\u00ebr sfid\u00ebn e radh\u00ebs n\u00eb UEFA Europa Conference League, ku t\u00eb enjten mbr\u00ebma p\u00ebrballet me NK Celje n\u00eb ndeshjen e par\u00eb t\u00eb Play-Off-it t\u00eb faz\u00ebs nokaut, q\u00eb zhvillohet n\u00eb stadiumin Fadil Vokrri n\u00eb Prishtin\u00eb.<\/p>\n<p>N\u00eb prag t\u00eb k\u00ebsaj p\u00ebrballjeje, trajneri Zekirija Ramadani theksoi se skuadra nuk duhet t\u00eb devijoj\u00eb nga identiteti i saj, duke n\u00ebnvizuar se Drita gjithmon\u00eb ka funksionuar si ekip dhe ka arritur sukses fal\u00eb motivit dhe organizimit kolektiv. Ai e pranoi se sfida do t\u00eb jet\u00eb e v\u00ebshtir\u00eb, por jo e pamundur p\u00ebr kualifikim, duke b\u00ebr\u00eb t\u00eb ditur se ekipi \u00ebsht\u00eb analizuar kund\u00ebrshtarin dhe \u00ebsht\u00eb p\u00ebrgatitur n\u00eb aspektin fizik, psikologjik dhe taktik. Ramadani shtoi se, pavar\u00ebsisht munges\u00ebs s\u00eb disa lojtar\u00ebve, \u00ebsht\u00eb i k\u00ebnaqur me pjes\u00ebn tjet\u00ebr t\u00eb skuadr\u00ebs dhe i bindur se mungesat nuk do t\u00eb v\u00ebrehen, nd\u00ebrsa shprehu besimin se ekipi do t\u00eb jap\u00eb maksimumin si n\u00eb \u00e7do ndeshje.<\/p>\n","protected":false},"excerpt":{"rendered":"<p>FC Drita \u00ebsht\u00eb gati p\u00ebr sfid\u00ebn e radh\u00ebs n\u00eb UEFA Europa Conference League, ku t\u00eb enjten mbr\u00ebma p\u00ebrballet me NK Celje n\u00eb ndeshjen e par\u00eb t\u00eb Play-Off-it t\u00eb faz\u00ebs nokaut, q\u00eb zhvillohet n\u00eb stadiumin Fadil Vokrri n\u00eb Prishtin\u00eb. N\u00eb prag t\u00eb k\u00ebsaj p\u00ebrballjeje, trajneri Zekirija Ramadani theksoi se skuadra nuk duhet t\u00eb devijoj\u00eb nga identiteti [&hellip;]<\/p>\n","protected":false},"author":1,"featured_media":228077,"comment_status":"closed","ping_status":"closed","sticky":false,"template":"","format":"standard","meta":{"footnotes":""},"categories":[7],"tags":[],"class_list":{"0":"post-228076","1":"post","2":"type-post","3":"status-publish","4":"format-standard","5":"has-post-thumbnail","7":"category-sports"},"_links":{"self":[{"href":"https:\/\/radiostargjilan.com\/web\/wp-json\/wp\/v2\/posts\/228076","targetHints":{"allow":["GET"]}}],"collection":[{"href":"https:\/\/radiostargjilan.com\/web\/wp-json\/wp\/v2\/posts"}],"about":[{"href":"https:\/\/radiostargjilan.com\/web\/wp-json\/wp\/v2\/types\/post"}],"author":[{"embeddable":true,"href":"https:\/\/radiostargjilan.com\/web\/wp-json\/wp\/v2\/users\/1"}],"replies":[{"embeddable":true,"href":"https:\/\/radiostargjilan.com\/web\/wp-json\/wp\/v2\/comments?post=228076"}],"version-history":[{"count":1,"href":"https:\/\/radiostargjilan.com\/web\/wp-json\/wp\/v2\/posts\/228076\/revisions"}],"predecessor-version":[{"id":228078,"href":"https:\/\/radiostargjilan.com\/web\/wp-json\/wp\/v2\/posts\/228076\/revisions\/228078"}],"wp:featuredmedia":[{"embeddable":true,"href":"https:\/\/radiostargjilan.com\/web\/wp-json\/wp\/v2\/media\/228077"}],"wp:attachment":[{"href":"https:\/\/radiostargjilan.com\/web\/wp-json\/wp\/v2\/media?parent=228076"}],"wp:term":[{"taxonomy":"category","embeddable":true,"href":"https:\/\/radiostargjilan.com\/web\/wp-json\/wp\/v2\/categories?post=228076"},{"taxonomy":"post_tag","embeddable":true,"href":"https:\/\/radiostargjilan.com\/web\/wp-json\/wp\/v2\/tags?post=228076"}],"curies":[{"name":"wp","href":"https:\/\/api.w.org\/{rel}","templated":true}]}}