{"id":228079,"date":"2026-02-19T07:08:18","date_gmt":"2026-02-19T06:08:18","guid":{"rendered":"https:\/\/radiostargjilan.com\/web\/?p=228079"},"modified":"2026-02-19T07:08:18","modified_gmt":"2026-02-19T06:08:18","slug":"parashikimi-i-motit-per-sot-426","status":"publish","type":"post","link":"https:\/\/radiostargjilan.com\/web\/parashikimi-i-motit-per-sot-426\/","title":{"rendered":"Parashikimi i motit p\u00ebr sot"},"content":{"rendered":"<p>T\u00eb enjten parashikohet mot me diell dhe vran\u00ebsira, nd\u00ebrsa gjat\u00eb or\u00ebve t\u00eb pasdites dhe mbr\u00ebmjes, kryesisht n\u00eb Rrafshin e Dukagjinit, pritet shtim i vran\u00ebsirave, t\u00eb cilat her\u00eb pas here mund t\u00eb gjenerojn\u00eb reshje t\u00eb pakta lokale shiu.<\/p>\n<p>Era do t\u00eb fryj\u00eb drejtimesh t\u00eb ndryshme, e cila her\u00eb pas here pritet t\u00eb jet\u00eb mjaft e fuqishme lokalisht, me shpejt\u00ebsi prej 10-56 km\/h.<\/p>\n<p>Temperaturat minimale do t\u00eb luhaten prej -5 deri n\u00eb 0\u00b0C, nd\u00ebrsa ato maksimale prej 9 deri n\u00eb 13\u00b0C. \/MeteoKosova\/<\/p>\n","protected":false},"excerpt":{"rendered":"<p>T\u00eb enjten parashikohet mot me diell dhe vran\u00ebsira, nd\u00ebrsa gjat\u00eb or\u00ebve t\u00eb pasdites dhe mbr\u00ebmjes, kryesisht n\u00eb Rrafshin e Dukagjinit, pritet shtim i vran\u00ebsirave, t\u00eb cilat her\u00eb pas here mund t\u00eb gjenerojn\u00eb reshje t\u00eb pakta lokale shiu. Era do t\u00eb fryj\u00eb drejtimesh t\u00eb ndryshme, e cila her\u00eb pas here pritet t\u00eb jet\u00eb mjaft e fuqishme [&hellip;]<\/p>\n","protected":false},"author":1,"featured_media":228080,"comment_status":"closed","ping_status":"closed","sticky":false,"template":"","format":"standard","meta":{"footnotes":""},"categories":[5],"tags":[],"class_list":{"0":"post-228079","1":"post","2":"type-post","3":"status-publish","4":"format-standard","5":"has-post-thumbnail","7":"category-lajme"},"_links":{"self":[{"href":"https:\/\/radiostargjilan.com\/web\/wp-json\/wp\/v2\/posts\/228079","targetHints":{"allow":["GET"]}}],"collection":[{"href":"https:\/\/radiostargjilan.com\/web\/wp-json\/wp\/v2\/posts"}],"about":[{"href":"https:\/\/radiostargjilan.com\/web\/wp-json\/wp\/v2\/types\/post"}],"author":[{"embeddable":true,"href":"https:\/\/radiostargjilan.com\/web\/wp-json\/wp\/v2\/users\/1"}],"replies":[{"embeddable":true,"href":"https:\/\/radiostargjilan.com\/web\/wp-json\/wp\/v2\/comments?post=228079"}],"version-history":[{"count":1,"href":"https:\/\/radiostargjilan.com\/web\/wp-json\/wp\/v2\/posts\/228079\/revisions"}],"predecessor-version":[{"id":228081,"href":"https:\/\/radiostargjilan.com\/web\/wp-json\/wp\/v2\/posts\/228079\/revisions\/228081"}],"wp:featuredmedia":[{"embeddable":true,"href":"https:\/\/radiostargjilan.com\/web\/wp-json\/wp\/v2\/media\/228080"}],"wp:attachment":[{"href":"https:\/\/radiostargjilan.com\/web\/wp-json\/wp\/v2\/media?parent=228079"}],"wp:term":[{"taxonomy":"category","embeddable":true,"href":"https:\/\/radiostargjilan.com\/web\/wp-json\/wp\/v2\/categories?post=228079"},{"taxonomy":"post_tag","embeddable":true,"href":"https:\/\/radiostargjilan.com\/web\/wp-json\/wp\/v2\/tags?post=228079"}],"curies":[{"name":"wp","href":"https:\/\/api.w.org\/{rel}","templated":true}]}}