{"id":228103,"date":"2026-02-19T13:15:39","date_gmt":"2026-02-19T12:15:39","guid":{"rendered":"https:\/\/radiostargjilan.com\/web\/?p=228103"},"modified":"2026-02-19T13:15:39","modified_gmt":"2026-02-19T12:15:39","slug":"per-here-te-pare-ne-163-vjet-ramazani-viti-i-ri-henor-dhe-kreshma-filluan-brenda-24-oreve","status":"publish","type":"post","link":"https:\/\/radiostargjilan.com\/web\/per-here-te-pare-ne-163-vjet-ramazani-viti-i-ri-henor-dhe-kreshma-filluan-brenda-24-oreve\/","title":{"rendered":"P\u00ebr her\u00eb t\u00eb par\u00eb n\u00eb 163 vjet, Ramazani, Viti i Ri H\u00ebnor dhe Kreshma filluan brenda 24 or\u00ebve"},"content":{"rendered":"<p>Ka jav\u00eb t\u00eb zakonshme, por jan\u00eb disa jav\u00eb kur yjet, h\u00ebna e traditat p\u00ebrputhen.<\/p>\n<p>Nga nata e 17 shkurtit deri m\u00eb 18 shkurt 2026, Viti i Ri H\u00ebnor, Ramazani dhe Kreshm\u00ebt do t\u00eb fillojn\u00eb brenda m\u00eb pak se 24 or\u00ebsh nga nj\u00ebra-tjetra, shkruan Sortiraparis.<\/p>\n<p>Kjo p\u00ebrputhje nuk ka ndodhur q\u00eb nga viti 1863 dhe nj\u00eb e till\u00eb do t\u00eb p\u00ebrs\u00ebritet pas 163 vitesh, pra n\u00eb vitin 2189.<\/p>\n<p>N\u00eb Azi, Viti i Ri H\u00ebnor sh\u00ebnon fillimin e nj\u00eb cikli t\u00eb ri t\u00eb sh\u00ebnuar nga ribashkime familjare, festa t\u00eb p\u00ebrzem\u00ebrta dhe transmetimi i traditave. Familja mbetet n\u00eb zem\u00ebr t\u00eb festimeve, me kalimin nga nj\u00eb vit n\u00eb tjetrin q\u00eb sh\u00ebrben si nj\u00eb ur\u00eb midis brezave p\u00ebr njer\u00ebzit atje.<\/p>\n<p>N\u00eb nj\u00eb kontekst t\u00eb ndrysh\u00ebm, por me nj\u00eb intensitet shpirt\u00ebror t\u00eb krahasuesh\u00ebm, Ramazani, muaji i n\u00ebnt\u00eb i kalendarit h\u00ebnor islamik \u2013 u b\u00ebn thirrje mysliman\u00ebve t\u00eb agj\u00ebrojn\u00eb nga agimi deri n\u00eb per\u00ebndim t\u00eb diellit, t\u00eb thellojn\u00eb lutjet e tyre dhe t\u00eb nxisin komunitetin dhe solidaritetin.<\/p>\n<p>Sezoni i Kreshm\u00ebve, i respektuar nga katolik\u00ebt dhe shum\u00eb t\u00eb krishter\u00eb, sh\u00ebnon dyzet dit\u00eb p\u00ebrgatitjeje shpirt\u00ebrore p\u00ebr Pashk\u00ebt, t\u00eb karakterizuara nga lutja, agj\u00ebrimi dhe aktet e bamir\u00ebsis\u00eb.<\/p>\n<p>K\u00ebt\u00eb jav\u00eb miliarda njer\u00ebz n\u00eb mbar\u00eb bot\u00ebn do t\u00eb fillojn\u00eb nj\u00eb periudh\u00eb t\u00eb r\u00ebnd\u00ebsishme shpirt\u00ebrore, pothuajse nj\u00ebkoh\u00ebsisht, secili sipas besimit dhe kultur\u00ebs s\u00eb tyre.<\/p>\n","protected":false},"excerpt":{"rendered":"<p>Ka jav\u00eb t\u00eb zakonshme, por jan\u00eb disa jav\u00eb kur yjet, h\u00ebna e traditat p\u00ebrputhen. Nga nata e 17 shkurtit deri m\u00eb 18 shkurt 2026, Viti i Ri H\u00ebnor, Ramazani dhe Kreshm\u00ebt do t\u00eb fillojn\u00eb brenda m\u00eb pak se 24 or\u00ebsh nga nj\u00ebra-tjetra, shkruan Sortiraparis. Kjo p\u00ebrputhje nuk ka ndodhur q\u00eb nga viti 1863 dhe nj\u00eb [&hellip;]<\/p>\n","protected":false},"author":1,"featured_media":228104,"comment_status":"closed","ping_status":"closed","sticky":false,"template":"","format":"standard","meta":{"footnotes":""},"categories":[5],"tags":[],"class_list":{"0":"post-228103","1":"post","2":"type-post","3":"status-publish","4":"format-standard","5":"has-post-thumbnail","7":"category-lajme"},"_links":{"self":[{"href":"https:\/\/radiostargjilan.com\/web\/wp-json\/wp\/v2\/posts\/228103","targetHints":{"allow":["GET"]}}],"collection":[{"href":"https:\/\/radiostargjilan.com\/web\/wp-json\/wp\/v2\/posts"}],"about":[{"href":"https:\/\/radiostargjilan.com\/web\/wp-json\/wp\/v2\/types\/post"}],"author":[{"embeddable":true,"href":"https:\/\/radiostargjilan.com\/web\/wp-json\/wp\/v2\/users\/1"}],"replies":[{"embeddable":true,"href":"https:\/\/radiostargjilan.com\/web\/wp-json\/wp\/v2\/comments?post=228103"}],"version-history":[{"count":1,"href":"https:\/\/radiostargjilan.com\/web\/wp-json\/wp\/v2\/posts\/228103\/revisions"}],"predecessor-version":[{"id":228105,"href":"https:\/\/radiostargjilan.com\/web\/wp-json\/wp\/v2\/posts\/228103\/revisions\/228105"}],"wp:featuredmedia":[{"embeddable":true,"href":"https:\/\/radiostargjilan.com\/web\/wp-json\/wp\/v2\/media\/228104"}],"wp:attachment":[{"href":"https:\/\/radiostargjilan.com\/web\/wp-json\/wp\/v2\/media?parent=228103"}],"wp:term":[{"taxonomy":"category","embeddable":true,"href":"https:\/\/radiostargjilan.com\/web\/wp-json\/wp\/v2\/categories?post=228103"},{"taxonomy":"post_tag","embeddable":true,"href":"https:\/\/radiostargjilan.com\/web\/wp-json\/wp\/v2\/tags?post=228103"}],"curies":[{"name":"wp","href":"https:\/\/api.w.org\/{rel}","templated":true}]}}