{"id":229272,"date":"2026-03-06T14:46:29","date_gmt":"2026-03-06T13:46:29","guid":{"rendered":"https:\/\/radiostargjilan.com\/web\/?p=229272"},"modified":"2026-03-06T14:46:29","modified_gmt":"2026-03-06T13:46:29","slug":"hamza-pas-takimit-me-osmanin-pergjegjesia-kryesore-per-situaten-bie-te-lvv-zgjedhjet-te-panevojshme","status":"publish","type":"post","link":"https:\/\/radiostargjilan.com\/web\/hamza-pas-takimit-me-osmanin-pergjegjesia-kryesore-per-situaten-bie-te-lvv-zgjedhjet-te-panevojshme\/","title":{"rendered":"Hamza pas takimit me Osmanin: P\u00ebrgjegj\u00ebsia kryesore p\u00ebr situat\u00ebn bie te LVV, zgjedhjet t\u00eb panevojshme"},"content":{"rendered":"<p>Ka p\u00ebrfunduar takimi konsultativ i Presidentes Vjosa Osmani me lider\u00ebt e partive politike p\u00ebr caktimin e dat\u00ebs s\u00eb zgjedhjeve t\u00eb reja.<\/p>\n<p>Kryetari i PDK-s\u00eb, Bedri Hamza, tha se ky moment mund t\u00eb ishte shmangur dhe se p\u00ebrgjegj\u00ebsia kryesore p\u00ebr situat\u00ebn i takon LVV-s\u00eb si partia m\u00eb e madhe n\u00eb vend.<\/p>\n<p>\u201cDiskutuam edhe p\u00ebr mund\u00ebsin\u00eb e dat\u00ebs s\u00eb organizimit t\u00eb zgjedhjeve t\u00eb ardhshme. S\u2019ka pasur asnj\u00eb arsye me ardh n\u00eb k\u00ebt\u00eb moment. P\u00ebrgjegj\u00ebsia kryesore i bie partis\u00eb m\u00eb t\u00eb madhe sepse ka mundur t\u2019i jap\u00eb vendit president. Zgjedhja e presidentit historikisht ka ndodhur me marr\u00ebveshje politike n\u00eb t\u00eb gjitha periudhat. Nuk kam vendosur asnj\u00ebher\u00eb vija t\u00eb kuqe. Nuk kemi qen\u00eb refuzues. Q\u00ebllimi ka qen\u00eb q\u00eb vendi t\u00eb ket\u00eb institucione e t\u00eb mos vazhdohet me k\u00ebto bllokada,\u201d tha Hamza.<\/p>\n<p>Ai shtoi se PDK do t\u00eb respektoj\u00eb \u00e7do vendim t\u00eb Gjykat\u00ebs Kushtetuese lidhur me dekretin e Osmanit:<\/p>\n<p>\u201cNe e shpreh\u00ebm q\u00ebndrimin ton\u00eb. E dim\u00eb q\u00eb jan\u00eb d\u00ebrguar disa shkresa n\u00eb Kushtetuese, dhe nuk e dim\u00eb se si do t\u2019i trajtoj\u00eb ato. Por, \u00e7do vendim q\u00eb meret nga kjo gjykat\u00eb, do t\u00eb respektohet nga PDK. Un\u00eb besoj q\u00eb presidentja e ka analizuar mir\u00eb veprimet e veta, ka vepruar n\u00eb p\u00ebrputhje me detyrimet e veta, megjithat\u00eb vendimi i Gjykat\u00ebs Kushtetuese \u00ebsht\u00eb i pranuesh\u00ebm p\u00ebr PDK.\u201d<\/p>\n<p>Sa i p\u00ebrket dat\u00ebs s\u00eb zgjedhjeve, Hamza tha se kjo do t\u00eb vendoset nga Presidentja n\u00eb p\u00ebrputhje me afatet ligjore dhe kushtetuese:<\/p>\n<p>\u201cCila do t\u00eb jet\u00eb data e zgjedhjeve? Cila dat\u00eb q\u00eb t\u00eb caktohet nga Presidentja e vendit n\u00eb p\u00ebrputhje me afatet ligjore dhe kushtetuese,\u201d deklaroi ai.<\/p>\n<p>Megjithat\u00eb, ai theksoi se zgjedhjet jan\u00eb t\u00eb panevojshme, t\u00eb lodhshme p\u00ebr qytetar\u00ebt dhe t\u00eb kushtueshme:<\/p>\n<p>\u201cMir\u00ebpo, asnj\u00eb parti politike nuk ka mundur t\u2019i jap\u00eb vendit president p\u00ebrpos partis\u00eb fituese. Ne tash po flasim p\u00ebr dat\u00ebn e zgjedhjeve, dhe jam i bindur se do t\u00eb kemi rezultat shum\u00eb m\u00eb t\u00eb mir\u00eb se ai i 28 dhjetorit. Koalicioni i ardhsh\u00ebm qeveris\u00ebs duhet t\u00eb mendoj se si t\u2019i b\u00ebj\u00eb 80 vota,\u201d u shpreh Hamza.<\/p>\n<p>Ai shtoi se \u00ebsht\u00eb ende her\u00ebt p\u00ebr t\u00eb diskutuar kandidat\u00ebt p\u00ebr kryeminist\u00ebr apo p\u00ebr koalicione parazgjedhore nga ana e PDK-s\u00eb.<\/p>\n","protected":false},"excerpt":{"rendered":"<p>Ka p\u00ebrfunduar takimi konsultativ i Presidentes Vjosa Osmani me lider\u00ebt e partive politike p\u00ebr caktimin e dat\u00ebs s\u00eb zgjedhjeve t\u00eb reja. Kryetari i PDK-s\u00eb, Bedri Hamza, tha se ky moment mund t\u00eb ishte shmangur dhe se p\u00ebrgjegj\u00ebsia kryesore p\u00ebr situat\u00ebn i takon LVV-s\u00eb si partia m\u00eb e madhe n\u00eb vend. \u201cDiskutuam edhe p\u00ebr mund\u00ebsin\u00eb e [&hellip;]<\/p>\n","protected":false},"author":1,"featured_media":229273,"comment_status":"closed","ping_status":"closed","sticky":false,"template":"","format":"standard","meta":{"footnotes":""},"categories":[5],"tags":[],"class_list":{"0":"post-229272","1":"post","2":"type-post","3":"status-publish","4":"format-standard","5":"has-post-thumbnail","7":"category-lajme"},"_links":{"self":[{"href":"https:\/\/radiostargjilan.com\/web\/wp-json\/wp\/v2\/posts\/229272","targetHints":{"allow":["GET"]}}],"collection":[{"href":"https:\/\/radiostargjilan.com\/web\/wp-json\/wp\/v2\/posts"}],"about":[{"href":"https:\/\/radiostargjilan.com\/web\/wp-json\/wp\/v2\/types\/post"}],"author":[{"embeddable":true,"href":"https:\/\/radiostargjilan.com\/web\/wp-json\/wp\/v2\/users\/1"}],"replies":[{"embeddable":true,"href":"https:\/\/radiostargjilan.com\/web\/wp-json\/wp\/v2\/comments?post=229272"}],"version-history":[{"count":1,"href":"https:\/\/radiostargjilan.com\/web\/wp-json\/wp\/v2\/posts\/229272\/revisions"}],"predecessor-version":[{"id":229274,"href":"https:\/\/radiostargjilan.com\/web\/wp-json\/wp\/v2\/posts\/229272\/revisions\/229274"}],"wp:featuredmedia":[{"embeddable":true,"href":"https:\/\/radiostargjilan.com\/web\/wp-json\/wp\/v2\/media\/229273"}],"wp:attachment":[{"href":"https:\/\/radiostargjilan.com\/web\/wp-json\/wp\/v2\/media?parent=229272"}],"wp:term":[{"taxonomy":"category","embeddable":true,"href":"https:\/\/radiostargjilan.com\/web\/wp-json\/wp\/v2\/categories?post=229272"},{"taxonomy":"post_tag","embeddable":true,"href":"https:\/\/radiostargjilan.com\/web\/wp-json\/wp\/v2\/tags?post=229272"}],"curies":[{"name":"wp","href":"https:\/\/api.w.org\/{rel}","templated":true}]}}