{"id":229491,"date":"2026-03-09T16:37:35","date_gmt":"2026-03-09T15:37:35","guid":{"rendered":"https:\/\/radiostargjilan.com\/web\/?p=229491"},"modified":"2026-03-09T16:37:35","modified_gmt":"2026-03-09T15:37:35","slug":"vendimi-per-dekretin-e-presidentes-deklarohet-gjykata","status":"publish","type":"post","link":"https:\/\/radiostargjilan.com\/web\/vendimi-per-dekretin-e-presidentes-deklarohet-gjykata\/","title":{"rendered":"Vendimi p\u00ebr dekretin e Presidentes, deklarohet Gjykata"},"content":{"rendered":"<p>Gjykata Kushtetuese e Kosov\u00ebs ka b\u00ebr\u00eb t\u00eb ditur se vendimi lidhur me dekretin e Presidentes Vjosa Osmani p\u00ebr shp\u00ebrndarjen e Kuvendi i Kosov\u00ebs do t\u00eb merret pasi t\u00eb shqyrtohen t\u00eb gjitha aspektet kushtetuese t\u00eb pretendimeve t\u00eb paraqitura nga pala parashtruese.<\/p>\n<p>N\u00eb njoftim theksohet se shqyrtimi do t\u00eb b\u00ebhet \u201cn\u00eb p\u00ebrputhje me Kushtetut\u00ebn, Ligjin p\u00ebr Gjykat\u00ebn Kushtetuese dhe Rregulloren e pun\u00ebs s\u00eb Gjykat\u00ebs\u201d<\/p>\n<p>.\u2018\u2019Vendimi do t\u00eb merret pasi q\u00eb t\u00eb shqyrtohen t\u00eb gjitha aspektet kushtetuese t\u00eb pretendimeve t\u00eb b\u00ebra n\u00eb k\u00ebrkes\u00eb nga pala parashtruese, n\u00eb p\u00ebrputhje me Kushtetut\u00ebn, Ligjin p\u00ebr Gjykat\u00ebn Kushtetuese dhe Rregulloren e pun\u00ebs s\u00eb Gjykat\u00ebs\u2019\u2019, thuhet n\u00eb p\u00ebrgjigjien e Gjykat\u00ebs Kushtetuese p\u00ebr FrontOnline.Ky zhvillim vjen pas k\u00ebrkesave p\u00ebr interpretim kushtetues mbi ligjshm\u00ebrin\u00eb e vendimit t\u00eb Presidentes Osmani p\u00ebr shp\u00ebrndarjen e Kuvendit dhe cakton hapin tjet\u00ebr n\u00eb procesin e mundsh\u00ebm t\u00eb zgjedhjeve t\u00eb reja n\u00eb vend.Gjykata nuk ka dh\u00ebn\u00eb afat kohor p\u00ebr marrjen e vendimit, duke l\u00ebn\u00eb t\u00eb hapur mund\u00ebsin\u00eb q\u00eb shqyrtimi t\u00eb zgjas\u00eb deri n\u00eb konkluzionin p\u00ebrfundimtar.<\/p>\n","protected":false},"excerpt":{"rendered":"<p>Gjykata Kushtetuese e Kosov\u00ebs ka b\u00ebr\u00eb t\u00eb ditur se vendimi lidhur me dekretin e Presidentes Vjosa Osmani p\u00ebr shp\u00ebrndarjen e Kuvendi i Kosov\u00ebs do t\u00eb merret pasi t\u00eb shqyrtohen t\u00eb gjitha aspektet kushtetuese t\u00eb pretendimeve t\u00eb paraqitura nga pala parashtruese. N\u00eb njoftim theksohet se shqyrtimi do t\u00eb b\u00ebhet \u201cn\u00eb p\u00ebrputhje me Kushtetut\u00ebn, Ligjin p\u00ebr Gjykat\u00ebn [&hellip;]<\/p>\n","protected":false},"author":1,"featured_media":229492,"comment_status":"closed","ping_status":"closed","sticky":false,"template":"","format":"standard","meta":{"footnotes":""},"categories":[5],"tags":[],"class_list":{"0":"post-229491","1":"post","2":"type-post","3":"status-publish","4":"format-standard","5":"has-post-thumbnail","7":"category-lajme"},"_links":{"self":[{"href":"https:\/\/radiostargjilan.com\/web\/wp-json\/wp\/v2\/posts\/229491","targetHints":{"allow":["GET"]}}],"collection":[{"href":"https:\/\/radiostargjilan.com\/web\/wp-json\/wp\/v2\/posts"}],"about":[{"href":"https:\/\/radiostargjilan.com\/web\/wp-json\/wp\/v2\/types\/post"}],"author":[{"embeddable":true,"href":"https:\/\/radiostargjilan.com\/web\/wp-json\/wp\/v2\/users\/1"}],"replies":[{"embeddable":true,"href":"https:\/\/radiostargjilan.com\/web\/wp-json\/wp\/v2\/comments?post=229491"}],"version-history":[{"count":1,"href":"https:\/\/radiostargjilan.com\/web\/wp-json\/wp\/v2\/posts\/229491\/revisions"}],"predecessor-version":[{"id":229493,"href":"https:\/\/radiostargjilan.com\/web\/wp-json\/wp\/v2\/posts\/229491\/revisions\/229493"}],"wp:featuredmedia":[{"embeddable":true,"href":"https:\/\/radiostargjilan.com\/web\/wp-json\/wp\/v2\/media\/229492"}],"wp:attachment":[{"href":"https:\/\/radiostargjilan.com\/web\/wp-json\/wp\/v2\/media?parent=229491"}],"wp:term":[{"taxonomy":"category","embeddable":true,"href":"https:\/\/radiostargjilan.com\/web\/wp-json\/wp\/v2\/categories?post=229491"},{"taxonomy":"post_tag","embeddable":true,"href":"https:\/\/radiostargjilan.com\/web\/wp-json\/wp\/v2\/tags?post=229491"}],"curies":[{"name":"wp","href":"https:\/\/api.w.org\/{rel}","templated":true}]}}