{"id":229494,"date":"2026-03-09T17:02:18","date_gmt":"2026-03-09T16:02:18","guid":{"rendered":"https:\/\/radiostargjilan.com\/web\/?p=229494"},"modified":"2026-03-09T17:02:18","modified_gmt":"2026-03-09T16:02:18","slug":"prokuroria-speciale-inicion-rast-penal-per-kercenimet-ndaj-presidentes-vjosa-osmani","status":"publish","type":"post","link":"https:\/\/radiostargjilan.com\/web\/prokuroria-speciale-inicion-rast-penal-per-kercenimet-ndaj-presidentes-vjosa-osmani\/","title":{"rendered":"Prokuroria Speciale inicion rast penal p\u00ebr k\u00ebrc\u00ebnimet ndaj Presidentes Vjosa Osmani"},"content":{"rendered":"<p>Prokuroria Speciale ka iniciuar rast lidhur me k\u00ebrc\u00ebnimet ndaj presidentes Vjosa Osmani.<\/p>\n<p>Prokuroria njoftoi se rasti penal u iniciua n\u00eb drejtim t\u00eb vepr\u00ebs penale \u201cDhuna ndaj p\u00ebrfaq\u00ebsuesve s\u00eb lart\u00eb t\u00eb Republik\u00ebs s\u00eb Kosov\u00ebs\u201d.<\/p>\n<p>\u201cProkuroria Speciale e Republik\u00ebs s\u00eb Kosov\u00ebs njofton opinionin publik, se sot ka iniciuar rast penal n\u00eb lidhje me k\u00ebrc\u00ebnimet ndaj presidentes s\u00eb Republik\u00ebs s\u00eb Kosov\u00ebs znj.Vjosa Osmani-Sadriu, n\u00eb drejtim t\u00eb vepr\u00ebs penale \u201cDhuna ndaj p\u00ebrfaq\u00ebsuesve s\u00eb lart\u00eb t\u00eb Republik\u00ebs s\u00eb Kosov\u00ebs, nga neni 121 lidhur me nenin 119 paragrafi 1 , n\u00ebnparagrafi 1.1 t\u00eb Kodit Penal t\u00eb Republik\u00ebs s\u00eb Kosov\u00ebs\u201d\u201d, thuhet n\u00eb njoftim.<\/p>\n<p>Prokuroria Speciale tha se \u201cka autorizuar Drejtorin\u00eb p\u00ebr Hetimin e Krimit t\u00eb Organizuar dhe Krimeve t\u00eb R\u00ebnda n\u00eb Policin\u00eb e Kosov\u00ebs, q\u00eb t\u00eb nd\u00ebrmarr\u00eb t\u00eb gjitha veprimet e nevojshme n\u00eb hetimin e plot\u00eb t\u00eb k\u00ebtij rasti, me q\u00ebllim t\u00eb siguris\u00eb s\u00eb rendit juridik t\u00eb Republik\u00ebs s\u00eb Kosov\u00ebs, t\u00eb zyrtar\u00ebve dhe qytetar\u00ebve t\u00eb saj\u201d.<\/p>\n","protected":false},"excerpt":{"rendered":"<p>Prokuroria Speciale ka iniciuar rast lidhur me k\u00ebrc\u00ebnimet ndaj presidentes Vjosa Osmani. Prokuroria njoftoi se rasti penal u iniciua n\u00eb drejtim t\u00eb vepr\u00ebs penale \u201cDhuna ndaj p\u00ebrfaq\u00ebsuesve s\u00eb lart\u00eb t\u00eb Republik\u00ebs s\u00eb Kosov\u00ebs\u201d. \u201cProkuroria Speciale e Republik\u00ebs s\u00eb Kosov\u00ebs njofton opinionin publik, se sot ka iniciuar rast penal n\u00eb lidhje me k\u00ebrc\u00ebnimet ndaj presidentes s\u00eb [&hellip;]<\/p>\n","protected":false},"author":1,"featured_media":229495,"comment_status":"closed","ping_status":"closed","sticky":false,"template":"","format":"standard","meta":{"footnotes":""},"categories":[5],"tags":[],"class_list":{"0":"post-229494","1":"post","2":"type-post","3":"status-publish","4":"format-standard","5":"has-post-thumbnail","7":"category-lajme"},"_links":{"self":[{"href":"https:\/\/radiostargjilan.com\/web\/wp-json\/wp\/v2\/posts\/229494","targetHints":{"allow":["GET"]}}],"collection":[{"href":"https:\/\/radiostargjilan.com\/web\/wp-json\/wp\/v2\/posts"}],"about":[{"href":"https:\/\/radiostargjilan.com\/web\/wp-json\/wp\/v2\/types\/post"}],"author":[{"embeddable":true,"href":"https:\/\/radiostargjilan.com\/web\/wp-json\/wp\/v2\/users\/1"}],"replies":[{"embeddable":true,"href":"https:\/\/radiostargjilan.com\/web\/wp-json\/wp\/v2\/comments?post=229494"}],"version-history":[{"count":1,"href":"https:\/\/radiostargjilan.com\/web\/wp-json\/wp\/v2\/posts\/229494\/revisions"}],"predecessor-version":[{"id":229496,"href":"https:\/\/radiostargjilan.com\/web\/wp-json\/wp\/v2\/posts\/229494\/revisions\/229496"}],"wp:featuredmedia":[{"embeddable":true,"href":"https:\/\/radiostargjilan.com\/web\/wp-json\/wp\/v2\/media\/229495"}],"wp:attachment":[{"href":"https:\/\/radiostargjilan.com\/web\/wp-json\/wp\/v2\/media?parent=229494"}],"wp:term":[{"taxonomy":"category","embeddable":true,"href":"https:\/\/radiostargjilan.com\/web\/wp-json\/wp\/v2\/categories?post=229494"},{"taxonomy":"post_tag","embeddable":true,"href":"https:\/\/radiostargjilan.com\/web\/wp-json\/wp\/v2\/tags?post=229494"}],"curies":[{"name":"wp","href":"https:\/\/api.w.org\/{rel}","templated":true}]}}