{"id":229666,"date":"2026-03-12T15:31:01","date_gmt":"2026-03-12T14:31:01","guid":{"rendered":"https:\/\/radiostargjilan.com\/web\/?p=229666"},"modified":"2026-03-12T15:31:01","modified_gmt":"2026-03-12T14:31:01","slug":"agk-denon-gjuhen-e-lumir-abdixhikut-ndaj-mediave-e-papranueshme-dhe-e-rrezikshme","status":"publish","type":"post","link":"https:\/\/radiostargjilan.com\/web\/agk-denon-gjuhen-e-lumir-abdixhikut-ndaj-mediave-e-papranueshme-dhe-e-rrezikshme\/","title":{"rendered":"AGK d\u00ebnon gjuh\u00ebn e Lumir Abdixhikut ndaj mediave: E papranueshme dhe e rrezikshme"},"content":{"rendered":"<p>Asociacioni i Gazetar\u00ebve t\u00eb Kosov\u00ebs ka d\u00ebnuar gjuh\u00ebn q\u00eb kryetari i Lidhja Demokratike e Kosov\u00ebs, Lumir Abdixhiku, ka p\u00ebrdorur ndaj mediave dhe gazetar\u00ebve n\u00eb Kosov\u00eb.<\/p>\n<p>Sipas nj\u00eb reagimi publik t\u00eb AGK-s\u00eb, Abdixhiku n\u00eb nj\u00eb intervist\u00eb televizive mbr\u00ebm\u00eb ka p\u00ebrdorur termin \u201cmercenar\u00eb medial\u00eb\u201d, duke akuzuar disa media p\u00ebr shpifje dhe p\u00ebrfitime financiare nga sponsorizues t\u00eb ndrysh\u00ebm.<\/p>\n<p>\u201cAbdixhiku n\u00eb nj\u00eb intervist\u00eb televizive mbr\u00ebm\u00eb ka folur prap\u00eb p\u00ebr \u2018mercenar\u00eb medial\u00eb\u2019, duke th\u00ebn\u00eb se \u2018shum\u00eb leht\u00eb japin nj\u00eb shpifje, pap\u00ebrgjegj\u00ebsi, vet\u00ebm se ju rritet atje llogaria bankare prej sponsorizuesve, kund\u00ebrshtar\u00ebve t\u00eb ndrysh\u00ebm\u2019\u201d, thuhet n\u00eb reagim.<\/p>\n<p>AGK vler\u00ebson se deklarata t\u00eb tilla p\u00ebrb\u00ebjn\u00eb sulm ndaj medias dhe liris\u00eb s\u00eb shprehjes n\u00eb vend.<\/p>\n<p>\u201cK\u00ebto pretendime t\u00eb zotit Abdixhiku jan\u00eb nj\u00eb sulm frontal kund\u00ebr medias, liris\u00eb s\u00eb medias dhe shprehjes n\u00eb Kosov\u00eb. Nj\u00eb gjuh\u00eb e till\u00eb me kualifikime si \u2018mercenar\u00eb\u2019 \u00ebsht\u00eb e pap\u00ebrgjegjshme, e papranueshme dhe shum\u00eb e rrezikshme\u201d, thekson AGK.<\/p>\n<p>Sipas k\u00ebtij asociacioni, deklarata t\u00eb tilla mund t\u00eb ndikojn\u00eb edhe n\u00eb sigurin\u00eb fizike t\u00eb gazetar\u00ebve.<\/p>\n<p>\u201cNj\u00eb gjuh\u00eb e till\u00eb mund t\u00eb paraqes\u00eb problem edhe n\u00eb cenimin e siguris\u00eb fizike t\u00eb gazetar\u00ebve\u201d, thuhet m\u00eb tej n\u00eb reagim.<\/p>\n<p>AGK gjithashtu i ka b\u00ebr\u00eb thirrje Abdixhikut q\u00eb, n\u00ebse ka fakte p\u00ebr pretendimet e tij, t\u2019i paraqes\u00eb ato n\u00eb institucionet p\u00ebrgjegj\u00ebse.<\/p>\n<p>\u201cAGK-ja e fton zotin Abdixhiku t\u00eb heq\u00eb dor\u00eb nga k\u00ebto spekulime dhe, n\u00ebse ka fakte, t\u2019i denoncoj\u00eb ato n\u00eb organet p\u00ebrgjegj\u00ebse\u201d, thuhet n\u00eb reagim.<\/p>\n<p>Po ashtu, asociacioni i ka b\u00ebr\u00eb thirrje kryetarit t\u00eb LDK-s\u00eb dhe deputet\u00ebve t\u00eb k\u00ebsaj partie n\u00eb Kuvend q\u00eb t\u00eb kontribuojn\u00eb p\u00ebr nj\u00eb ambient t\u00eb lir\u00eb dhe t\u00eb sigurt medial n\u00eb Kosov\u00eb.<\/p>\n","protected":false},"excerpt":{"rendered":"<p>Asociacioni i Gazetar\u00ebve t\u00eb Kosov\u00ebs ka d\u00ebnuar gjuh\u00ebn q\u00eb kryetari i Lidhja Demokratike e Kosov\u00ebs, Lumir Abdixhiku, ka p\u00ebrdorur ndaj mediave dhe gazetar\u00ebve n\u00eb Kosov\u00eb. Sipas nj\u00eb reagimi publik t\u00eb AGK-s\u00eb, Abdixhiku n\u00eb nj\u00eb intervist\u00eb televizive mbr\u00ebm\u00eb ka p\u00ebrdorur termin \u201cmercenar\u00eb medial\u00eb\u201d, duke akuzuar disa media p\u00ebr shpifje dhe p\u00ebrfitime financiare nga sponsorizues t\u00eb ndrysh\u00ebm. [&hellip;]<\/p>\n","protected":false},"author":1,"featured_media":229667,"comment_status":"closed","ping_status":"closed","sticky":false,"template":"","format":"standard","meta":{"footnotes":""},"categories":[5],"tags":[],"class_list":{"0":"post-229666","1":"post","2":"type-post","3":"status-publish","4":"format-standard","5":"has-post-thumbnail","7":"category-lajme"},"_links":{"self":[{"href":"https:\/\/radiostargjilan.com\/web\/wp-json\/wp\/v2\/posts\/229666","targetHints":{"allow":["GET"]}}],"collection":[{"href":"https:\/\/radiostargjilan.com\/web\/wp-json\/wp\/v2\/posts"}],"about":[{"href":"https:\/\/radiostargjilan.com\/web\/wp-json\/wp\/v2\/types\/post"}],"author":[{"embeddable":true,"href":"https:\/\/radiostargjilan.com\/web\/wp-json\/wp\/v2\/users\/1"}],"replies":[{"embeddable":true,"href":"https:\/\/radiostargjilan.com\/web\/wp-json\/wp\/v2\/comments?post=229666"}],"version-history":[{"count":1,"href":"https:\/\/radiostargjilan.com\/web\/wp-json\/wp\/v2\/posts\/229666\/revisions"}],"predecessor-version":[{"id":229668,"href":"https:\/\/radiostargjilan.com\/web\/wp-json\/wp\/v2\/posts\/229666\/revisions\/229668"}],"wp:featuredmedia":[{"embeddable":true,"href":"https:\/\/radiostargjilan.com\/web\/wp-json\/wp\/v2\/media\/229667"}],"wp:attachment":[{"href":"https:\/\/radiostargjilan.com\/web\/wp-json\/wp\/v2\/media?parent=229666"}],"wp:term":[{"taxonomy":"category","embeddable":true,"href":"https:\/\/radiostargjilan.com\/web\/wp-json\/wp\/v2\/categories?post=229666"},{"taxonomy":"post_tag","embeddable":true,"href":"https:\/\/radiostargjilan.com\/web\/wp-json\/wp\/v2\/tags?post=229666"}],"curies":[{"name":"wp","href":"https:\/\/api.w.org\/{rel}","templated":true}]}}